{"id":36227,"date":"2022-01-03T20:25:40","date_gmt":"2022-01-03T19:25:40","guid":{"rendered":"https:\/\/caminandofronteras.org\/la-pire-annee-aux-frontieres-4404-victimes-sur-les-routes-dacces-a-lespagne-en-2021\/"},"modified":"2022-01-03T20:40:04","modified_gmt":"2022-01-03T19:40:04","slug":"la-pire-annee-aux-frontieres-4404-victimes-sur-les-routes-dacces-a-lespagne-en-2021","status":"publish","type":"post","link":"https:\/\/caminandofronteras.org\/fr\/la-pire-annee-aux-frontieres-4404-victimes-sur-les-routes-dacces-a-lespagne-en-2021\/","title":{"rendered":"La pire ann\u00e9e aux fronti\u00e8res : 4404 victimes sur les routes d&rsquo;acc\u00e8s \u00e0 l&rsquo;Espagne en 2021"},"content":{"rendered":"\n<p><em>Madrid, 3 janvier 2022.<\/em><\/p>\n\n\n\n<p>Le collectif Caminando Fronteras a pr\u00e9sent\u00e9, au d\u00e9but de l&rsquo;ann\u00e9e 2022, <a href=\"https:\/\/caminandofronteras.org\/fr\/monitoreo\/suivi-du-droit-a-la-vie-2021\/\" data-type=\"URL\" data-id=\"https:\/\/caminandofronteras.org\/fr\/monitoreo\/suivi-du-droit-a-la-vie-2021\/\" target=\"_blank\" rel=\"noreferrer noopener\">les chiffres du suivi des fronti\u00e8res <\/a>effectu\u00e9 l&rsquo;ann\u00e9e derni\u00e8re avec les interventions d&rsquo;Helena Maleno, Coordinatrice du Collectif Caminando Fronteras, et de Mar\u00eda Gonz\u00e1lez, responsable de l&rsquo;Axe du Droit \u00c0 la Vie. Au cours de l&rsquo;ann\u00e9e 2021, jusqu&rsquo;\u00e0 4 404 victimes de la Fronti\u00e8re Occidentale Euro-africaine ont \u00e9t\u00e9 recens\u00e9es, gr\u00e2ce \u00e0 des contacts directs avec les victimes elles-m\u00eames ainsi qu&rsquo;avec leurs proches. De l&rsquo;organisation, et de son travail en tant qu&rsquo;<a href=\"https:\/\/caminandofronteras.org\/fr\/droit-a-la-vie\/\" data-type=\"URL\" data-id=\"https:\/\/caminandofronteras.org\/fr\/droit-a-la-vie\/\" target=\"_blank\" rel=\"noreferrer noopener\">Observatoire des Droits aux Fronti\u00e8res<\/a>, les donn\u00e9es document\u00e9es r\u00e9sultent:<\/p>\n\n\n\n<ul class=\"wp-block-list\"><li>83 bateaux disparus avec toutes les personnes \u00e0 bord.<\/li><li>Sur les 4404 victimes, 4175 personnes sont mortes en traversant la fronti\u00e8re, et 229 ont disparu.<\/li><li>628 femmes et 205 enfants ont perdu la vie au cours de l&rsquo;ann\u00e9e.<\/li><li>94,80% des victimes restent non identifi\u00e9es.<\/li><li>Par rapport \u00e0 2020, les d\u00e9c\u00e8s ont augment\u00e9 de 102,95 %.<\/li><\/ul>\n\n\n\n<p> Les donn\u00e9es directes provenant de sources primaires ont \u00e9t\u00e9 recoup\u00e9es avec des sources officielles, des communaut\u00e9s de migrants et des organisations sociales sur le terrain avec lesquelles Ca-minando Fronteras est en contact permanent. Maintenant, si nous examinons la r\u00e9partition des routes d&rsquo;acc\u00e8s \u00e0 l&rsquo;Espagne en <a href=\"https:\/\/caminandofronteras.org\/fr\/droit-a-la-vie\/itineraires\/\" data-type=\"URL\" data-id=\"https:\/\/caminandofronteras.org\/fr\/droit-a-la-vie\/itineraires\/\" target=\"_blank\" rel=\"noreferrer noopener\">quatre routes diff\u00e9rentes<\/a> : i) la route des Canaries, ii) la route d&rsquo;Alboran, iii) la route alg\u00e9rienne et iv) la route du D\u00e9troit, la duret\u00e9 de <strong>la route des Canaries<\/strong> continue d&rsquo;en faire la plus meurtri\u00e8re des quatre. Sur cette seule route, on a compt\u00e9 jusqu&rsquo;\u00e0 4016 victimes, dans les 124 naufrages dont le collectif a eu connaissance et qu&rsquo;il a pu suivre. Toutefois, et malgr\u00e9 les difficult\u00e9s r\u00e9p\u00e9t\u00e9es rencontr\u00e9es sur<strong> la route de l&rsquo;Alg\u00e9rie <\/strong>pour comptabiliser les navires &#8211; et les trag\u00e9dies &#8211; qui s&rsquo;y d\u00e9roulent, jusqu&rsquo;\u00e0 191 victimes ont \u00e9t\u00e9 recens\u00e9es dans 19 naufrages. Dans le cas du<strong> d\u00e9troit de Gibraltar <\/strong>et de <strong>la route d&rsquo;Alboran<\/strong>, les chiffres ne sont pas moins inqui\u00e9tants, avec respectivement 102 et 95 victimes, pour un total de 27 naufrages (17 dans le d\u00e9troit de Gibraltar et 10 \u00e0 Alboran). Tous ces chiffres sont encore plus alarmants si on les consid\u00e8re sur une courte p\u00e9riode, puisque les 893 victimes qui ont \u00e9t\u00e9 recens\u00e9es en 2019 ont d\u00e9j\u00e0 doubl\u00e9 l&rsquo;ann\u00e9e derni\u00e8re, avec 2170 d\u00e9c\u00e8s en 2020. Pire encore, les pr\u00e9dictions des donn\u00e9es pour le premier semestre 2021 se sont r\u00e9alis\u00e9es : pour une ann\u00e9e de plus, les chiffres ont doubl\u00e9, atteignant 4404 victimes. Ces chiffres, en outre, croissent de mani\u00e8re exponentielle par rapport aux capacit\u00e9s d&rsquo;un collectif, Caminando Fronteras, qui multiplie certes ses efforts, mais ne dispose toujours pas des outils n\u00e9cessaires pour atteindre tout ce qui se passe \u00e0 la fronti\u00e8re, et ne peut qu&rsquo;admirer la passivit\u00e9 des Etats, des organisations internationales et autres institutions, face \u00e0 la crudit\u00e9 de leurs cl\u00f4tures et \u00e0 leur n\u00e9cropolitique.<\/p>\n\n\n\n<p>\u00c9valuations par Helena Maleno (coordinatrice de Caminando Fronteras) et Mar\u00eda Gonz\u00e1lez (responsable de l&rsquo;axe Droit \u00c0 la Vie) (en espagnol):<\/p>\n\n\n\n<figure class=\"wp-block-audio\"><audio controls src=\"https:\/\/caminandofronteras.org\/wp-content\/uploads\/2022\/01\/Intervencio\u0301n_Helena_Audio.mp3.aac\"><\/audio><\/figure>\n\n\n\n<figure class=\"wp-block-audio\"><audio controls src=\"https:\/\/caminandofronteras.org\/wp-content\/uploads\/2022\/01\/Intervencio\u0301n_Maria_Audio.mp3.aac\"><\/audio><\/figure>\n\n\n\n<p><\/p>\n\n\n\n<p><\/p>\n","protected":false},"excerpt":{"rendered":"<p>Madrid, 3 janvier 2022. Le collectif Caminando Fronteras a pr\u00e9sent\u00e9, au d\u00e9but de l&rsquo;ann\u00e9e 2022, les chiffres du suivi des fronti\u00e8res effectu\u00e9 l&rsquo;ann\u00e9e derni\u00e8re avec les interventions d&rsquo;Helena Maleno, Coordinatrice du Collectif Caminando Fronteras, et de Mar\u00eda Gonz\u00e1lez, responsable de l&rsquo;Axe du Droit \u00c0 la Vie. Au cours de l&rsquo;ann\u00e9e 2021, jusqu&rsquo;\u00e0 4 404 victimes &#8230; <a title=\"La pire ann\u00e9e aux fronti\u00e8res : 4404 victimes sur les routes d&rsquo;acc\u00e8s \u00e0 l&rsquo;Espagne en 2021\" class=\"read-more\" href=\"https:\/\/caminandofronteras.org\/fr\/la-pire-annee-aux-frontieres-4404-victimes-sur-les-routes-dacces-a-lespagne-en-2021\/\" aria-label=\"En savoir plus sur La pire ann\u00e9e aux fronti\u00e8res : 4404 victimes sur les routes d&rsquo;acc\u00e8s \u00e0 l&rsquo;Espagne en 2021\">Lire plus<\/a><\/p>\n","protected":false},"author":2,"featured_media":34804,"comment_status":"open","ping_status":"closed","sticky":false,"template":"","format":"standard","meta":{"_acf_changed":false,"_coblocks_attr":"","_coblocks_dimensions":"","_coblocks_responsive_height":"","_coblocks_accordion_ie_support":"","pgc_sgb_lightbox_settings":"","footnotes":""},"categories":[186],"tags":[270],"rutas":[],"class_list":["post-36227","post","type-post","status-publish","format-standard","has-post-thumbnail","hentry","category-actualite","tag-droit-a-la-vie"],"acf":[],"yoast_head":"<!-- This site is optimized with the Yoast SEO plugin v27.3 - https:\/\/yoast.com\/product\/yoast-seo-wordpress\/ -->\n<title>La pire ann\u00e9e aux fronti\u00e8res : 4404 victimes sur les routes d&#039;acc\u00e8s \u00e0 l&#039;Espagne en 2021 - Caminando Fronteras<\/title>\n<meta name=\"robots\" content=\"index, follow, max-snippet:-1, max-image-preview:large, max-video-preview:-1\" \/>\n<link rel=\"canonical\" href=\"https:\/\/caminandofronteras.org\/fr\/la-pire-annee-aux-frontieres-4404-victimes-sur-les-routes-dacces-a-lespagne-en-2021\/\" \/>\n<meta property=\"og:locale\" content=\"fr_FR\" \/>\n<meta property=\"og:type\" content=\"article\" \/>\n<meta property=\"og:title\" content=\"La pire ann\u00e9e aux fronti\u00e8res : 4404 victimes sur les routes d&#039;acc\u00e8s \u00e0 l&#039;Espagne en 2021 - Caminando Fronteras\" \/>\n<meta property=\"og:description\" content=\"Madrid, 3 janvier 2022. Le collectif Caminando Fronteras a pr\u00e9sent\u00e9, au d\u00e9but de l&rsquo;ann\u00e9e 2022, les chiffres du suivi des fronti\u00e8res effectu\u00e9 l&rsquo;ann\u00e9e derni\u00e8re avec les interventions d&rsquo;Helena Maleno, Coordinatrice du Collectif Caminando Fronteras, et de Mar\u00eda Gonz\u00e1lez, responsable de l&rsquo;Axe du Droit \u00c0 la Vie. Au cours de l&rsquo;ann\u00e9e 2021, jusqu&rsquo;\u00e0 4 404 victimes ... Lire plus\" \/>\n<meta property=\"og:url\" content=\"https:\/\/caminandofronteras.org\/fr\/la-pire-annee-aux-frontieres-4404-victimes-sur-les-routes-dacces-a-lespagne-en-2021\/\" \/>\n<meta property=\"og:site_name\" content=\"Caminando Fronteras\" \/>\n<meta property=\"article:published_time\" content=\"2022-01-03T19:25:40+00:00\" \/>\n<meta property=\"article:modified_time\" content=\"2022-01-03T19:40:04+00:00\" \/>\n<meta property=\"og:image\" content=\"https:\/\/caminandofronteras.org\/wp-content\/uploads\/2021\/07\/portadadalv2021.png\" \/>\n\t<meta property=\"og:image:width\" content=\"1024\" \/>\n\t<meta property=\"og:image:height\" content=\"512\" \/>\n\t<meta property=\"og:image:type\" content=\"image\/png\" \/>\n<meta name=\"author\" content=\"caminandofronteras\" \/>\n<meta name=\"twitter:card\" content=\"summary_large_image\" \/>\n<meta name=\"twitter:label1\" content=\"\u00c9crit par\" \/>\n\t<meta name=\"twitter:data1\" content=\"caminandofronteras\" \/>\n\t<meta name=\"twitter:label2\" content=\"Dur\u00e9e de lecture estim\u00e9e\" \/>\n\t<meta name=\"twitter:data2\" content=\"2 minutes\" \/>\n<script type=\"application\/ld+json\" class=\"yoast-schema-graph\">{\"@context\":\"https:\\\/\\\/schema.org\",\"@graph\":[{\"@type\":\"Article\",\"@id\":\"https:\\\/\\\/caminandofronteras.org\\\/fr\\\/la-pire-annee-aux-frontieres-4404-victimes-sur-les-routes-dacces-a-lespagne-en-2021\\\/#article\",\"isPartOf\":{\"@id\":\"https:\\\/\\\/caminandofronteras.org\\\/fr\\\/la-pire-annee-aux-frontieres-4404-victimes-sur-les-routes-dacces-a-lespagne-en-2021\\\/\"},\"author\":{\"name\":\"caminandofronteras\",\"@id\":\"https:\\\/\\\/caminandofronteras.org\\\/fr\\\/#\\\/schema\\\/person\\\/6ea0a6362faf30cb0554cd3735263693\"},\"headline\":\"La pire ann\u00e9e aux fronti\u00e8res : 4404 victimes sur les routes d&rsquo;acc\u00e8s \u00e0 l&rsquo;Espagne en 2021\",\"datePublished\":\"2022-01-03T19:25:40+00:00\",\"dateModified\":\"2022-01-03T19:40:04+00:00\",\"mainEntityOfPage\":{\"@id\":\"https:\\\/\\\/caminandofronteras.org\\\/fr\\\/la-pire-annee-aux-frontieres-4404-victimes-sur-les-routes-dacces-a-lespagne-en-2021\\\/\"},\"wordCount\":535,\"commentCount\":0,\"publisher\":{\"@id\":\"https:\\\/\\\/caminandofronteras.org\\\/fr\\\/#organization\"},\"image\":{\"@id\":\"https:\\\/\\\/caminandofronteras.org\\\/fr\\\/la-pire-annee-aux-frontieres-4404-victimes-sur-les-routes-dacces-a-lespagne-en-2021\\\/#primaryimage\"},\"thumbnailUrl\":\"https:\\\/\\\/caminandofronteras.org\\\/wp-content\\\/uploads\\\/2021\\\/07\\\/portadadalv2021.png\",\"keywords\":[\"droit a la vie\"],\"articleSection\":[\"Actualit\u00e9\"],\"inLanguage\":\"fr-FR\",\"potentialAction\":[{\"@type\":\"CommentAction\",\"name\":\"Comment\",\"target\":[\"https:\\\/\\\/caminandofronteras.org\\\/fr\\\/la-pire-annee-aux-frontieres-4404-victimes-sur-les-routes-dacces-a-lespagne-en-2021\\\/#respond\"]}]},{\"@type\":\"WebPage\",\"@id\":\"https:\\\/\\\/caminandofronteras.org\\\/fr\\\/la-pire-annee-aux-frontieres-4404-victimes-sur-les-routes-dacces-a-lespagne-en-2021\\\/\",\"url\":\"https:\\\/\\\/caminandofronteras.org\\\/fr\\\/la-pire-annee-aux-frontieres-4404-victimes-sur-les-routes-dacces-a-lespagne-en-2021\\\/\",\"name\":\"La pire ann\u00e9e aux fronti\u00e8res : 4404 victimes sur les routes d'acc\u00e8s \u00e0 l'Espagne en 2021 - Caminando Fronteras\",\"isPartOf\":{\"@id\":\"https:\\\/\\\/caminandofronteras.org\\\/fr\\\/#website\"},\"primaryImageOfPage\":{\"@id\":\"https:\\\/\\\/caminandofronteras.org\\\/fr\\\/la-pire-annee-aux-frontieres-4404-victimes-sur-les-routes-dacces-a-lespagne-en-2021\\\/#primaryimage\"},\"image\":{\"@id\":\"https:\\\/\\\/caminandofronteras.org\\\/fr\\\/la-pire-annee-aux-frontieres-4404-victimes-sur-les-routes-dacces-a-lespagne-en-2021\\\/#primaryimage\"},\"thumbnailUrl\":\"https:\\\/\\\/caminandofronteras.org\\\/wp-content\\\/uploads\\\/2021\\\/07\\\/portadadalv2021.png\",\"datePublished\":\"2022-01-03T19:25:40+00:00\",\"dateModified\":\"2022-01-03T19:40:04+00:00\",\"breadcrumb\":{\"@id\":\"https:\\\/\\\/caminandofronteras.org\\\/fr\\\/la-pire-annee-aux-frontieres-4404-victimes-sur-les-routes-dacces-a-lespagne-en-2021\\\/#breadcrumb\"},\"inLanguage\":\"fr-FR\",\"potentialAction\":[{\"@type\":\"ReadAction\",\"target\":[\"https:\\\/\\\/caminandofronteras.org\\\/fr\\\/la-pire-annee-aux-frontieres-4404-victimes-sur-les-routes-dacces-a-lespagne-en-2021\\\/\"]}]},{\"@type\":\"ImageObject\",\"inLanguage\":\"fr-FR\",\"@id\":\"https:\\\/\\\/caminandofronteras.org\\\/fr\\\/la-pire-annee-aux-frontieres-4404-victimes-sur-les-routes-dacces-a-lespagne-en-2021\\\/#primaryimage\",\"url\":\"https:\\\/\\\/caminandofronteras.org\\\/wp-content\\\/uploads\\\/2021\\\/07\\\/portadadalv2021.png\",\"contentUrl\":\"https:\\\/\\\/caminandofronteras.org\\\/wp-content\\\/uploads\\\/2021\\\/07\\\/portadadalv2021.png\",\"width\":1024,\"height\":512},{\"@type\":\"BreadcrumbList\",\"@id\":\"https:\\\/\\\/caminandofronteras.org\\\/fr\\\/la-pire-annee-aux-frontieres-4404-victimes-sur-les-routes-dacces-a-lespagne-en-2021\\\/#breadcrumb\",\"itemListElement\":[{\"@type\":\"ListItem\",\"position\":1,\"name\":\"Portada\",\"item\":\"https:\\\/\\\/caminandofronteras.org\\\/fr\\\/\"},{\"@type\":\"ListItem\",\"position\":2,\"name\":\"La pire ann\u00e9e aux fronti\u00e8res : 4404 victimes sur les routes d&rsquo;acc\u00e8s \u00e0 l&rsquo;Espagne en 2021\"}]},{\"@type\":\"WebSite\",\"@id\":\"https:\\\/\\\/caminandofronteras.org\\\/fr\\\/#website\",\"url\":\"https:\\\/\\\/caminandofronteras.org\\\/fr\\\/\",\"name\":\"Caminando Fronteras\",\"description\":\"Construyendo comunidad migrante\",\"publisher\":{\"@id\":\"https:\\\/\\\/caminandofronteras.org\\\/fr\\\/#organization\"},\"potentialAction\":[{\"@type\":\"SearchAction\",\"target\":{\"@type\":\"EntryPoint\",\"urlTemplate\":\"https:\\\/\\\/caminandofronteras.org\\\/fr\\\/?s={search_term_string}\"},\"query-input\":{\"@type\":\"PropertyValueSpecification\",\"valueRequired\":true,\"valueName\":\"search_term_string\"}}],\"inLanguage\":\"fr-FR\"},{\"@type\":\"Organization\",\"@id\":\"https:\\\/\\\/caminandofronteras.org\\\/fr\\\/#organization\",\"name\":\"Caminando Fronteras\",\"url\":\"https:\\\/\\\/caminandofronteras.org\\\/fr\\\/\",\"logo\":{\"@type\":\"ImageObject\",\"inLanguage\":\"fr-FR\",\"@id\":\"https:\\\/\\\/caminandofronteras.org\\\/fr\\\/#\\\/schema\\\/logo\\\/image\\\/\",\"url\":\"https:\\\/\\\/caminandofronteras.org\\\/wp-content\\\/uploads\\\/2020\\\/02\\\/cff-negro.svg\",\"contentUrl\":\"https:\\\/\\\/caminandofronteras.org\\\/wp-content\\\/uploads\\\/2020\\\/02\\\/cff-negro.svg\",\"width\":758,\"height\":320,\"caption\":\"Caminando Fronteras\"},\"image\":{\"@id\":\"https:\\\/\\\/caminandofronteras.org\\\/fr\\\/#\\\/schema\\\/logo\\\/image\\\/\"}},{\"@type\":\"Person\",\"@id\":\"https:\\\/\\\/caminandofronteras.org\\\/fr\\\/#\\\/schema\\\/person\\\/6ea0a6362faf30cb0554cd3735263693\",\"name\":\"caminandofronteras\",\"image\":{\"@type\":\"ImageObject\",\"inLanguage\":\"fr-FR\",\"@id\":\"https:\\\/\\\/secure.gravatar.com\\\/avatar\\\/3fc4ed8a5b9cbb04cf92bc2961f1b72cf3dd5182452b059b88f53d9f29fe677f?s=96&d=mm&r=g\",\"url\":\"https:\\\/\\\/secure.gravatar.com\\\/avatar\\\/3fc4ed8a5b9cbb04cf92bc2961f1b72cf3dd5182452b059b88f53d9f29fe677f?s=96&d=mm&r=g\",\"contentUrl\":\"https:\\\/\\\/secure.gravatar.com\\\/avatar\\\/3fc4ed8a5b9cbb04cf92bc2961f1b72cf3dd5182452b059b88f53d9f29fe677f?s=96&d=mm&r=g\",\"caption\":\"caminandofronteras\"},\"url\":\"https:\\\/\\\/caminandofronteras.org\\\/fr\\\/author\\\/caminandofronteras\\\/\"}]}<\/script>\n<!-- \/ Yoast SEO plugin. -->","yoast_head_json":{"title":"La pire ann\u00e9e aux fronti\u00e8res : 4404 victimes sur les routes d'acc\u00e8s \u00e0 l'Espagne en 2021 - Caminando Fronteras","robots":{"index":"index","follow":"follow","max-snippet":"max-snippet:-1","max-image-preview":"max-image-preview:large","max-video-preview":"max-video-preview:-1"},"canonical":"https:\/\/caminandofronteras.org\/fr\/la-pire-annee-aux-frontieres-4404-victimes-sur-les-routes-dacces-a-lespagne-en-2021\/","og_locale":"fr_FR","og_type":"article","og_title":"La pire ann\u00e9e aux fronti\u00e8res : 4404 victimes sur les routes d'acc\u00e8s \u00e0 l'Espagne en 2021 - Caminando Fronteras","og_description":"Madrid, 3 janvier 2022. Le collectif Caminando Fronteras a pr\u00e9sent\u00e9, au d\u00e9but de l&rsquo;ann\u00e9e 2022, les chiffres du suivi des fronti\u00e8res effectu\u00e9 l&rsquo;ann\u00e9e derni\u00e8re avec les interventions d&rsquo;Helena Maleno, Coordinatrice du Collectif Caminando Fronteras, et de Mar\u00eda Gonz\u00e1lez, responsable de l&rsquo;Axe du Droit \u00c0 la Vie. Au cours de l&rsquo;ann\u00e9e 2021, jusqu&rsquo;\u00e0 4 404 victimes ... Lire plus","og_url":"https:\/\/caminandofronteras.org\/fr\/la-pire-annee-aux-frontieres-4404-victimes-sur-les-routes-dacces-a-lespagne-en-2021\/","og_site_name":"Caminando Fronteras","article_published_time":"2022-01-03T19:25:40+00:00","article_modified_time":"2022-01-03T19:40:04+00:00","og_image":[{"width":1024,"height":512,"url":"https:\/\/caminandofronteras.org\/wp-content\/uploads\/2021\/07\/portadadalv2021.png","type":"image\/png"}],"author":"caminandofronteras","twitter_card":"summary_large_image","twitter_misc":{"\u00c9crit par":"caminandofronteras","Dur\u00e9e de lecture estim\u00e9e":"2 minutes"},"schema":{"@context":"https:\/\/schema.org","@graph":[{"@type":"Article","@id":"https:\/\/caminandofronteras.org\/fr\/la-pire-annee-aux-frontieres-4404-victimes-sur-les-routes-dacces-a-lespagne-en-2021\/#article","isPartOf":{"@id":"https:\/\/caminandofronteras.org\/fr\/la-pire-annee-aux-frontieres-4404-victimes-sur-les-routes-dacces-a-lespagne-en-2021\/"},"author":{"name":"caminandofronteras","@id":"https:\/\/caminandofronteras.org\/fr\/#\/schema\/person\/6ea0a6362faf30cb0554cd3735263693"},"headline":"La pire ann\u00e9e aux fronti\u00e8res : 4404 victimes sur les routes d&rsquo;acc\u00e8s \u00e0 l&rsquo;Espagne en 2021","datePublished":"2022-01-03T19:25:40+00:00","dateModified":"2022-01-03T19:40:04+00:00","mainEntityOfPage":{"@id":"https:\/\/caminandofronteras.org\/fr\/la-pire-annee-aux-frontieres-4404-victimes-sur-les-routes-dacces-a-lespagne-en-2021\/"},"wordCount":535,"commentCount":0,"publisher":{"@id":"https:\/\/caminandofronteras.org\/fr\/#organization"},"image":{"@id":"https:\/\/caminandofronteras.org\/fr\/la-pire-annee-aux-frontieres-4404-victimes-sur-les-routes-dacces-a-lespagne-en-2021\/#primaryimage"},"thumbnailUrl":"https:\/\/caminandofronteras.org\/wp-content\/uploads\/2021\/07\/portadadalv2021.png","keywords":["droit a la vie"],"articleSection":["Actualit\u00e9"],"inLanguage":"fr-FR","potentialAction":[{"@type":"CommentAction","name":"Comment","target":["https:\/\/caminandofronteras.org\/fr\/la-pire-annee-aux-frontieres-4404-victimes-sur-les-routes-dacces-a-lespagne-en-2021\/#respond"]}]},{"@type":"WebPage","@id":"https:\/\/caminandofronteras.org\/fr\/la-pire-annee-aux-frontieres-4404-victimes-sur-les-routes-dacces-a-lespagne-en-2021\/","url":"https:\/\/caminandofronteras.org\/fr\/la-pire-annee-aux-frontieres-4404-victimes-sur-les-routes-dacces-a-lespagne-en-2021\/","name":"La pire ann\u00e9e aux fronti\u00e8res : 4404 victimes sur les routes d'acc\u00e8s \u00e0 l'Espagne en 2021 - Caminando Fronteras","isPartOf":{"@id":"https:\/\/caminandofronteras.org\/fr\/#website"},"primaryImageOfPage":{"@id":"https:\/\/caminandofronteras.org\/fr\/la-pire-annee-aux-frontieres-4404-victimes-sur-les-routes-dacces-a-lespagne-en-2021\/#primaryimage"},"image":{"@id":"https:\/\/caminandofronteras.org\/fr\/la-pire-annee-aux-frontieres-4404-victimes-sur-les-routes-dacces-a-lespagne-en-2021\/#primaryimage"},"thumbnailUrl":"https:\/\/caminandofronteras.org\/wp-content\/uploads\/2021\/07\/portadadalv2021.png","datePublished":"2022-01-03T19:25:40+00:00","dateModified":"2022-01-03T19:40:04+00:00","breadcrumb":{"@id":"https:\/\/caminandofronteras.org\/fr\/la-pire-annee-aux-frontieres-4404-victimes-sur-les-routes-dacces-a-lespagne-en-2021\/#breadcrumb"},"inLanguage":"fr-FR","potentialAction":[{"@type":"ReadAction","target":["https:\/\/caminandofronteras.org\/fr\/la-pire-annee-aux-frontieres-4404-victimes-sur-les-routes-dacces-a-lespagne-en-2021\/"]}]},{"@type":"ImageObject","inLanguage":"fr-FR","@id":"https:\/\/caminandofronteras.org\/fr\/la-pire-annee-aux-frontieres-4404-victimes-sur-les-routes-dacces-a-lespagne-en-2021\/#primaryimage","url":"https:\/\/caminandofronteras.org\/wp-content\/uploads\/2021\/07\/portadadalv2021.png","contentUrl":"https:\/\/caminandofronteras.org\/wp-content\/uploads\/2021\/07\/portadadalv2021.png","width":1024,"height":512},{"@type":"BreadcrumbList","@id":"https:\/\/caminandofronteras.org\/fr\/la-pire-annee-aux-frontieres-4404-victimes-sur-les-routes-dacces-a-lespagne-en-2021\/#breadcrumb","itemListElement":[{"@type":"ListItem","position":1,"name":"Portada","item":"https:\/\/caminandofronteras.org\/fr\/"},{"@type":"ListItem","position":2,"name":"La pire ann\u00e9e aux fronti\u00e8res : 4404 victimes sur les routes d&rsquo;acc\u00e8s \u00e0 l&rsquo;Espagne en 2021"}]},{"@type":"WebSite","@id":"https:\/\/caminandofronteras.org\/fr\/#website","url":"https:\/\/caminandofronteras.org\/fr\/","name":"Caminando Fronteras","description":"Construyendo comunidad migrante","publisher":{"@id":"https:\/\/caminandofronteras.org\/fr\/#organization"},"potentialAction":[{"@type":"SearchAction","target":{"@type":"EntryPoint","urlTemplate":"https:\/\/caminandofronteras.org\/fr\/?s={search_term_string}"},"query-input":{"@type":"PropertyValueSpecification","valueRequired":true,"valueName":"search_term_string"}}],"inLanguage":"fr-FR"},{"@type":"Organization","@id":"https:\/\/caminandofronteras.org\/fr\/#organization","name":"Caminando Fronteras","url":"https:\/\/caminandofronteras.org\/fr\/","logo":{"@type":"ImageObject","inLanguage":"fr-FR","@id":"https:\/\/caminandofronteras.org\/fr\/#\/schema\/logo\/image\/","url":"https:\/\/caminandofronteras.org\/wp-content\/uploads\/2020\/02\/cff-negro.svg","contentUrl":"https:\/\/caminandofronteras.org\/wp-content\/uploads\/2020\/02\/cff-negro.svg","width":758,"height":320,"caption":"Caminando Fronteras"},"image":{"@id":"https:\/\/caminandofronteras.org\/fr\/#\/schema\/logo\/image\/"}},{"@type":"Person","@id":"https:\/\/caminandofronteras.org\/fr\/#\/schema\/person\/6ea0a6362faf30cb0554cd3735263693","name":"caminandofronteras","image":{"@type":"ImageObject","inLanguage":"fr-FR","@id":"https:\/\/secure.gravatar.com\/avatar\/3fc4ed8a5b9cbb04cf92bc2961f1b72cf3dd5182452b059b88f53d9f29fe677f?s=96&d=mm&r=g","url":"https:\/\/secure.gravatar.com\/avatar\/3fc4ed8a5b9cbb04cf92bc2961f1b72cf3dd5182452b059b88f53d9f29fe677f?s=96&d=mm&r=g","contentUrl":"https:\/\/secure.gravatar.com\/avatar\/3fc4ed8a5b9cbb04cf92bc2961f1b72cf3dd5182452b059b88f53d9f29fe677f?s=96&d=mm&r=g","caption":"caminandofronteras"},"url":"https:\/\/caminandofronteras.org\/fr\/author\/caminandofronteras\/"}]}},"_links":{"self":[{"href":"https:\/\/caminandofronteras.org\/fr\/wp-json\/wp\/v2\/posts\/36227","targetHints":{"allow":["GET"]}}],"collection":[{"href":"https:\/\/caminandofronteras.org\/fr\/wp-json\/wp\/v2\/posts"}],"about":[{"href":"https:\/\/caminandofronteras.org\/fr\/wp-json\/wp\/v2\/types\/post"}],"author":[{"embeddable":true,"href":"https:\/\/caminandofronteras.org\/fr\/wp-json\/wp\/v2\/users\/2"}],"replies":[{"embeddable":true,"href":"https:\/\/caminandofronteras.org\/fr\/wp-json\/wp\/v2\/comments?post=36227"}],"version-history":[{"count":2,"href":"https:\/\/caminandofronteras.org\/fr\/wp-json\/wp\/v2\/posts\/36227\/revisions"}],"predecessor-version":[{"id":36230,"href":"https:\/\/caminandofronteras.org\/fr\/wp-json\/wp\/v2\/posts\/36227\/revisions\/36230"}],"wp:featuredmedia":[{"embeddable":true,"href":"https:\/\/caminandofronteras.org\/fr\/wp-json\/wp\/v2\/media\/34804"}],"wp:attachment":[{"href":"https:\/\/caminandofronteras.org\/fr\/wp-json\/wp\/v2\/media?parent=36227"}],"wp:term":[{"taxonomy":"category","embeddable":true,"href":"https:\/\/caminandofronteras.org\/fr\/wp-json\/wp\/v2\/categories?post=36227"},{"taxonomy":"post_tag","embeddable":true,"href":"https:\/\/caminandofronteras.org\/fr\/wp-json\/wp\/v2\/tags?post=36227"},{"taxonomy":"rutas","embeddable":true,"href":"https:\/\/caminandofronteras.org\/fr\/wp-json\/wp\/v2\/rutas?post=36227"}],"curies":[{"name":"wp","href":"https:\/\/api.w.org\/{rel}","templated":true}]}}