{"id":36290,"date":"2022-02-06T08:25:42","date_gmt":"2022-02-06T07:25:42","guid":{"rendered":"https:\/\/caminandofronteras.org\/tarajal-transformer-la-douleur-en-justice-2\/"},"modified":"2023-02-04T14:34:37","modified_gmt":"2023-02-04T13:34:37","slug":"tarajal-transformer-la-douleur-en-justice-2","status":"publish","type":"post","link":"https:\/\/caminandofronteras.org\/fr\/tarajal-transformer-la-douleur-en-justice-2\/","title":{"rendered":"Tarajal : transformer la douleur en justice"},"content":{"rendered":"\n<p>Le 6 f\u00e9vrier 2014, quatorze personnes ont perdu la vie en tentant de rejoindre l&rsquo;Espagne apr\u00e8s avoir \u00e9t\u00e9 violent\u00e9es avec des engins anti\u00e9meutes par les autorit\u00e9s espagnoles. Leurs familles seraient \u00e0 l&rsquo;origine d&rsquo;un processus organisationnel sans pr\u00e9c\u00e9dent visant \u00e0 transformer leur profonde douleur en justice.<\/p>\n","protected":false},"excerpt":{"rendered":"<p>Le 6 f\u00e9vrier 2014, quatorze personnes ont perdu la vie en tentant de rejoindre l&rsquo;Espagne apr\u00e8s avoir \u00e9t\u00e9 violent\u00e9es avec des engins anti\u00e9meutes par les autorit\u00e9s espagnoles. Leurs familles seraient \u00e0 l&rsquo;origine d&rsquo;un processus organisationnel sans pr\u00e9c\u00e9dent visant \u00e0 transformer leur profonde douleur en justice. <\/p>\n","protected":false},"author":2,"featured_media":6849,"comment_status":"open","ping_status":"closed","sticky":false,"template":"","format":"standard","meta":{"_acf_changed":false,"_coblocks_attr":"","_coblocks_dimensions":"","_coblocks_responsive_height":"","_coblocks_accordion_ie_support":"","pgc_sgb_lightbox_settings":"","footnotes":""},"categories":[206],"tags":[],"rutas":[],"class_list":["post-36290","post","type-post","status-publish","format-standard","has-post-thumbnail","hentry","category-de-la-douleur-a-la-justice"],"acf":[],"yoast_head":"<!-- This site is optimized with the Yoast SEO plugin v27.3 - https:\/\/yoast.com\/product\/yoast-seo-wordpress\/ -->\n<title>Tarajal : transformer la douleur en justice - Caminando Fronteras<\/title>\n<meta name=\"robots\" content=\"index, follow, max-snippet:-1, max-image-preview:large, max-video-preview:-1\" \/>\n<link rel=\"canonical\" href=\"https:\/\/caminandofronteras.org\/fr\/tarajal-transformer-la-douleur-en-justice-2\/\" \/>\n<meta property=\"og:locale\" content=\"fr_FR\" \/>\n<meta property=\"og:type\" content=\"article\" \/>\n<meta property=\"og:title\" content=\"Tarajal : transformer la douleur en justice - Caminando Fronteras\" \/>\n<meta property=\"og:description\" content=\"Le 6 f\u00e9vrier 2014, quatorze personnes ont perdu la vie en tentant de rejoindre l&#039;Espagne apr\u00e8s avoir \u00e9t\u00e9 violent\u00e9es avec des engins anti\u00e9meutes par les autorit\u00e9s espagnoles. Leurs familles seraient \u00e0 l&#039;origine d&#039;un processus organisationnel sans pr\u00e9c\u00e9dent visant \u00e0 transformer leur profonde douleur en justice.\" \/>\n<meta property=\"og:url\" content=\"https:\/\/caminandofronteras.org\/fr\/tarajal-transformer-la-douleur-en-justice-2\/\" \/>\n<meta property=\"og:site_name\" content=\"Caminando Fronteras\" \/>\n<meta property=\"article:published_time\" content=\"2022-02-06T07:25:42+00:00\" \/>\n<meta property=\"article:modified_time\" content=\"2023-02-04T13:34:37+00:00\" \/>\n<meta property=\"og:image\" content=\"https:\/\/caminandofronteras.org\/wp-content\/uploads\/2014\/02\/IMG_1457-scaled.jpg\" \/>\n\t<meta property=\"og:image:width\" content=\"2560\" \/>\n\t<meta property=\"og:image:height\" content=\"1438\" \/>\n\t<meta property=\"og:image:type\" content=\"image\/jpeg\" \/>\n<meta name=\"author\" content=\"caminandofronteras\" \/>\n<meta name=\"twitter:card\" content=\"summary_large_image\" \/>\n<meta name=\"twitter:label1\" content=\"\u00c9crit par\" \/>\n\t<meta name=\"twitter:data1\" content=\"caminandofronteras\" \/>\n\t<meta name=\"twitter:label2\" content=\"Dur\u00e9e de lecture estim\u00e9e\" \/>\n\t<meta name=\"twitter:data2\" content=\"1 minute\" \/>\n<script type=\"application\/ld+json\" class=\"yoast-schema-graph\">{\"@context\":\"https:\\\/\\\/schema.org\",\"@graph\":[{\"@type\":\"Article\",\"@id\":\"https:\\\/\\\/caminandofronteras.org\\\/fr\\\/tarajal-transformer-la-douleur-en-justice-2\\\/#article\",\"isPartOf\":{\"@id\":\"https:\\\/\\\/caminandofronteras.org\\\/fr\\\/tarajal-transformer-la-douleur-en-justice-2\\\/\"},\"author\":{\"name\":\"caminandofronteras\",\"@id\":\"https:\\\/\\\/caminandofronteras.org\\\/fr\\\/#\\\/schema\\\/person\\\/6ea0a6362faf30cb0554cd3735263693\"},\"headline\":\"Tarajal : transformer la douleur en justice\",\"datePublished\":\"2022-02-06T07:25:42+00:00\",\"dateModified\":\"2023-02-04T13:34:37+00:00\",\"mainEntityOfPage\":{\"@id\":\"https:\\\/\\\/caminandofronteras.org\\\/fr\\\/tarajal-transformer-la-douleur-en-justice-2\\\/\"},\"wordCount\":57,\"commentCount\":0,\"publisher\":{\"@id\":\"https:\\\/\\\/caminandofronteras.org\\\/fr\\\/#organization\"},\"image\":{\"@id\":\"https:\\\/\\\/caminandofronteras.org\\\/fr\\\/tarajal-transformer-la-douleur-en-justice-2\\\/#primaryimage\"},\"thumbnailUrl\":\"https:\\\/\\\/caminandofronteras.org\\\/wp-content\\\/uploads\\\/2014\\\/02\\\/IMG_1457-scaled.jpg\",\"articleSection\":[\"De la douleur \u00e0 la Justice\"],\"inLanguage\":\"fr-FR\",\"potentialAction\":[{\"@type\":\"CommentAction\",\"name\":\"Comment\",\"target\":[\"https:\\\/\\\/caminandofronteras.org\\\/fr\\\/tarajal-transformer-la-douleur-en-justice-2\\\/#respond\"]}]},{\"@type\":\"WebPage\",\"@id\":\"https:\\\/\\\/caminandofronteras.org\\\/fr\\\/tarajal-transformer-la-douleur-en-justice-2\\\/\",\"url\":\"https:\\\/\\\/caminandofronteras.org\\\/fr\\\/tarajal-transformer-la-douleur-en-justice-2\\\/\",\"name\":\"Tarajal : transformer la douleur en justice - Caminando Fronteras\",\"isPartOf\":{\"@id\":\"https:\\\/\\\/caminandofronteras.org\\\/fr\\\/#website\"},\"primaryImageOfPage\":{\"@id\":\"https:\\\/\\\/caminandofronteras.org\\\/fr\\\/tarajal-transformer-la-douleur-en-justice-2\\\/#primaryimage\"},\"image\":{\"@id\":\"https:\\\/\\\/caminandofronteras.org\\\/fr\\\/tarajal-transformer-la-douleur-en-justice-2\\\/#primaryimage\"},\"thumbnailUrl\":\"https:\\\/\\\/caminandofronteras.org\\\/wp-content\\\/uploads\\\/2014\\\/02\\\/IMG_1457-scaled.jpg\",\"datePublished\":\"2022-02-06T07:25:42+00:00\",\"dateModified\":\"2023-02-04T13:34:37+00:00\",\"breadcrumb\":{\"@id\":\"https:\\\/\\\/caminandofronteras.org\\\/fr\\\/tarajal-transformer-la-douleur-en-justice-2\\\/#breadcrumb\"},\"inLanguage\":\"fr-FR\",\"potentialAction\":[{\"@type\":\"ReadAction\",\"target\":[\"https:\\\/\\\/caminandofronteras.org\\\/fr\\\/tarajal-transformer-la-douleur-en-justice-2\\\/\"]}]},{\"@type\":\"ImageObject\",\"inLanguage\":\"fr-FR\",\"@id\":\"https:\\\/\\\/caminandofronteras.org\\\/fr\\\/tarajal-transformer-la-douleur-en-justice-2\\\/#primaryimage\",\"url\":\"https:\\\/\\\/caminandofronteras.org\\\/wp-content\\\/uploads\\\/2014\\\/02\\\/IMG_1457-scaled.jpg\",\"contentUrl\":\"https:\\\/\\\/caminandofronteras.org\\\/wp-content\\\/uploads\\\/2014\\\/02\\\/IMG_1457-scaled.jpg\",\"width\":2560,\"height\":1438},{\"@type\":\"BreadcrumbList\",\"@id\":\"https:\\\/\\\/caminandofronteras.org\\\/fr\\\/tarajal-transformer-la-douleur-en-justice-2\\\/#breadcrumb\",\"itemListElement\":[{\"@type\":\"ListItem\",\"position\":1,\"name\":\"Portada\",\"item\":\"https:\\\/\\\/caminandofronteras.org\\\/fr\\\/\"},{\"@type\":\"ListItem\",\"position\":2,\"name\":\"Tarajal : transformer la douleur en justice\"}]},{\"@type\":\"WebSite\",\"@id\":\"https:\\\/\\\/caminandofronteras.org\\\/fr\\\/#website\",\"url\":\"https:\\\/\\\/caminandofronteras.org\\\/fr\\\/\",\"name\":\"Caminando Fronteras\",\"description\":\"Construyendo comunidad migrante\",\"publisher\":{\"@id\":\"https:\\\/\\\/caminandofronteras.org\\\/fr\\\/#organization\"},\"potentialAction\":[{\"@type\":\"SearchAction\",\"target\":{\"@type\":\"EntryPoint\",\"urlTemplate\":\"https:\\\/\\\/caminandofronteras.org\\\/fr\\\/?s={search_term_string}\"},\"query-input\":{\"@type\":\"PropertyValueSpecification\",\"valueRequired\":true,\"valueName\":\"search_term_string\"}}],\"inLanguage\":\"fr-FR\"},{\"@type\":\"Organization\",\"@id\":\"https:\\\/\\\/caminandofronteras.org\\\/fr\\\/#organization\",\"name\":\"Caminando Fronteras\",\"url\":\"https:\\\/\\\/caminandofronteras.org\\\/fr\\\/\",\"logo\":{\"@type\":\"ImageObject\",\"inLanguage\":\"fr-FR\",\"@id\":\"https:\\\/\\\/caminandofronteras.org\\\/fr\\\/#\\\/schema\\\/logo\\\/image\\\/\",\"url\":\"https:\\\/\\\/caminandofronteras.org\\\/wp-content\\\/uploads\\\/2020\\\/02\\\/cff-negro.svg\",\"contentUrl\":\"https:\\\/\\\/caminandofronteras.org\\\/wp-content\\\/uploads\\\/2020\\\/02\\\/cff-negro.svg\",\"width\":758,\"height\":320,\"caption\":\"Caminando Fronteras\"},\"image\":{\"@id\":\"https:\\\/\\\/caminandofronteras.org\\\/fr\\\/#\\\/schema\\\/logo\\\/image\\\/\"}},{\"@type\":\"Person\",\"@id\":\"https:\\\/\\\/caminandofronteras.org\\\/fr\\\/#\\\/schema\\\/person\\\/6ea0a6362faf30cb0554cd3735263693\",\"name\":\"caminandofronteras\",\"image\":{\"@type\":\"ImageObject\",\"inLanguage\":\"fr-FR\",\"@id\":\"https:\\\/\\\/secure.gravatar.com\\\/avatar\\\/3fc4ed8a5b9cbb04cf92bc2961f1b72cf3dd5182452b059b88f53d9f29fe677f?s=96&d=mm&r=g\",\"url\":\"https:\\\/\\\/secure.gravatar.com\\\/avatar\\\/3fc4ed8a5b9cbb04cf92bc2961f1b72cf3dd5182452b059b88f53d9f29fe677f?s=96&d=mm&r=g\",\"contentUrl\":\"https:\\\/\\\/secure.gravatar.com\\\/avatar\\\/3fc4ed8a5b9cbb04cf92bc2961f1b72cf3dd5182452b059b88f53d9f29fe677f?s=96&d=mm&r=g\",\"caption\":\"caminandofronteras\"},\"url\":\"https:\\\/\\\/caminandofronteras.org\\\/fr\\\/author\\\/caminandofronteras\\\/\"}]}<\/script>\n<!-- \/ Yoast SEO plugin. -->","yoast_head_json":{"title":"Tarajal : transformer la douleur en justice - Caminando Fronteras","robots":{"index":"index","follow":"follow","max-snippet":"max-snippet:-1","max-image-preview":"max-image-preview:large","max-video-preview":"max-video-preview:-1"},"canonical":"https:\/\/caminandofronteras.org\/fr\/tarajal-transformer-la-douleur-en-justice-2\/","og_locale":"fr_FR","og_type":"article","og_title":"Tarajal : transformer la douleur en justice - Caminando Fronteras","og_description":"Le 6 f\u00e9vrier 2014, quatorze personnes ont perdu la vie en tentant de rejoindre l'Espagne apr\u00e8s avoir \u00e9t\u00e9 violent\u00e9es avec des engins anti\u00e9meutes par les autorit\u00e9s espagnoles. Leurs familles seraient \u00e0 l'origine d'un processus organisationnel sans pr\u00e9c\u00e9dent visant \u00e0 transformer leur profonde douleur en justice.","og_url":"https:\/\/caminandofronteras.org\/fr\/tarajal-transformer-la-douleur-en-justice-2\/","og_site_name":"Caminando Fronteras","article_published_time":"2022-02-06T07:25:42+00:00","article_modified_time":"2023-02-04T13:34:37+00:00","og_image":[{"width":2560,"height":1438,"url":"https:\/\/caminandofronteras.org\/wp-content\/uploads\/2014\/02\/IMG_1457-scaled.jpg","type":"image\/jpeg"}],"author":"caminandofronteras","twitter_card":"summary_large_image","twitter_misc":{"\u00c9crit par":"caminandofronteras","Dur\u00e9e de lecture estim\u00e9e":"1 minute"},"schema":{"@context":"https:\/\/schema.org","@graph":[{"@type":"Article","@id":"https:\/\/caminandofronteras.org\/fr\/tarajal-transformer-la-douleur-en-justice-2\/#article","isPartOf":{"@id":"https:\/\/caminandofronteras.org\/fr\/tarajal-transformer-la-douleur-en-justice-2\/"},"author":{"name":"caminandofronteras","@id":"https:\/\/caminandofronteras.org\/fr\/#\/schema\/person\/6ea0a6362faf30cb0554cd3735263693"},"headline":"Tarajal : transformer la douleur en justice","datePublished":"2022-02-06T07:25:42+00:00","dateModified":"2023-02-04T13:34:37+00:00","mainEntityOfPage":{"@id":"https:\/\/caminandofronteras.org\/fr\/tarajal-transformer-la-douleur-en-justice-2\/"},"wordCount":57,"commentCount":0,"publisher":{"@id":"https:\/\/caminandofronteras.org\/fr\/#organization"},"image":{"@id":"https:\/\/caminandofronteras.org\/fr\/tarajal-transformer-la-douleur-en-justice-2\/#primaryimage"},"thumbnailUrl":"https:\/\/caminandofronteras.org\/wp-content\/uploads\/2014\/02\/IMG_1457-scaled.jpg","articleSection":["De la douleur \u00e0 la Justice"],"inLanguage":"fr-FR","potentialAction":[{"@type":"CommentAction","name":"Comment","target":["https:\/\/caminandofronteras.org\/fr\/tarajal-transformer-la-douleur-en-justice-2\/#respond"]}]},{"@type":"WebPage","@id":"https:\/\/caminandofronteras.org\/fr\/tarajal-transformer-la-douleur-en-justice-2\/","url":"https:\/\/caminandofronteras.org\/fr\/tarajal-transformer-la-douleur-en-justice-2\/","name":"Tarajal : transformer la douleur en justice - Caminando Fronteras","isPartOf":{"@id":"https:\/\/caminandofronteras.org\/fr\/#website"},"primaryImageOfPage":{"@id":"https:\/\/caminandofronteras.org\/fr\/tarajal-transformer-la-douleur-en-justice-2\/#primaryimage"},"image":{"@id":"https:\/\/caminandofronteras.org\/fr\/tarajal-transformer-la-douleur-en-justice-2\/#primaryimage"},"thumbnailUrl":"https:\/\/caminandofronteras.org\/wp-content\/uploads\/2014\/02\/IMG_1457-scaled.jpg","datePublished":"2022-02-06T07:25:42+00:00","dateModified":"2023-02-04T13:34:37+00:00","breadcrumb":{"@id":"https:\/\/caminandofronteras.org\/fr\/tarajal-transformer-la-douleur-en-justice-2\/#breadcrumb"},"inLanguage":"fr-FR","potentialAction":[{"@type":"ReadAction","target":["https:\/\/caminandofronteras.org\/fr\/tarajal-transformer-la-douleur-en-justice-2\/"]}]},{"@type":"ImageObject","inLanguage":"fr-FR","@id":"https:\/\/caminandofronteras.org\/fr\/tarajal-transformer-la-douleur-en-justice-2\/#primaryimage","url":"https:\/\/caminandofronteras.org\/wp-content\/uploads\/2014\/02\/IMG_1457-scaled.jpg","contentUrl":"https:\/\/caminandofronteras.org\/wp-content\/uploads\/2014\/02\/IMG_1457-scaled.jpg","width":2560,"height":1438},{"@type":"BreadcrumbList","@id":"https:\/\/caminandofronteras.org\/fr\/tarajal-transformer-la-douleur-en-justice-2\/#breadcrumb","itemListElement":[{"@type":"ListItem","position":1,"name":"Portada","item":"https:\/\/caminandofronteras.org\/fr\/"},{"@type":"ListItem","position":2,"name":"Tarajal : transformer la douleur en justice"}]},{"@type":"WebSite","@id":"https:\/\/caminandofronteras.org\/fr\/#website","url":"https:\/\/caminandofronteras.org\/fr\/","name":"Caminando Fronteras","description":"Construyendo comunidad migrante","publisher":{"@id":"https:\/\/caminandofronteras.org\/fr\/#organization"},"potentialAction":[{"@type":"SearchAction","target":{"@type":"EntryPoint","urlTemplate":"https:\/\/caminandofronteras.org\/fr\/?s={search_term_string}"},"query-input":{"@type":"PropertyValueSpecification","valueRequired":true,"valueName":"search_term_string"}}],"inLanguage":"fr-FR"},{"@type":"Organization","@id":"https:\/\/caminandofronteras.org\/fr\/#organization","name":"Caminando Fronteras","url":"https:\/\/caminandofronteras.org\/fr\/","logo":{"@type":"ImageObject","inLanguage":"fr-FR","@id":"https:\/\/caminandofronteras.org\/fr\/#\/schema\/logo\/image\/","url":"https:\/\/caminandofronteras.org\/wp-content\/uploads\/2020\/02\/cff-negro.svg","contentUrl":"https:\/\/caminandofronteras.org\/wp-content\/uploads\/2020\/02\/cff-negro.svg","width":758,"height":320,"caption":"Caminando Fronteras"},"image":{"@id":"https:\/\/caminandofronteras.org\/fr\/#\/schema\/logo\/image\/"}},{"@type":"Person","@id":"https:\/\/caminandofronteras.org\/fr\/#\/schema\/person\/6ea0a6362faf30cb0554cd3735263693","name":"caminandofronteras","image":{"@type":"ImageObject","inLanguage":"fr-FR","@id":"https:\/\/secure.gravatar.com\/avatar\/3fc4ed8a5b9cbb04cf92bc2961f1b72cf3dd5182452b059b88f53d9f29fe677f?s=96&d=mm&r=g","url":"https:\/\/secure.gravatar.com\/avatar\/3fc4ed8a5b9cbb04cf92bc2961f1b72cf3dd5182452b059b88f53d9f29fe677f?s=96&d=mm&r=g","contentUrl":"https:\/\/secure.gravatar.com\/avatar\/3fc4ed8a5b9cbb04cf92bc2961f1b72cf3dd5182452b059b88f53d9f29fe677f?s=96&d=mm&r=g","caption":"caminandofronteras"},"url":"https:\/\/caminandofronteras.org\/fr\/author\/caminandofronteras\/"}]}},"_links":{"self":[{"href":"https:\/\/caminandofronteras.org\/fr\/wp-json\/wp\/v2\/posts\/36290","targetHints":{"allow":["GET"]}}],"collection":[{"href":"https:\/\/caminandofronteras.org\/fr\/wp-json\/wp\/v2\/posts"}],"about":[{"href":"https:\/\/caminandofronteras.org\/fr\/wp-json\/wp\/v2\/types\/post"}],"author":[{"embeddable":true,"href":"https:\/\/caminandofronteras.org\/fr\/wp-json\/wp\/v2\/users\/2"}],"replies":[{"embeddable":true,"href":"https:\/\/caminandofronteras.org\/fr\/wp-json\/wp\/v2\/comments?post=36290"}],"version-history":[{"count":9,"href":"https:\/\/caminandofronteras.org\/fr\/wp-json\/wp\/v2\/posts\/36290\/revisions"}],"predecessor-version":[{"id":38579,"href":"https:\/\/caminandofronteras.org\/fr\/wp-json\/wp\/v2\/posts\/36290\/revisions\/38579"}],"wp:featuredmedia":[{"embeddable":true,"href":"https:\/\/caminandofronteras.org\/fr\/wp-json\/wp\/v2\/media\/6849"}],"wp:attachment":[{"href":"https:\/\/caminandofronteras.org\/fr\/wp-json\/wp\/v2\/media?parent=36290"}],"wp:term":[{"taxonomy":"category","embeddable":true,"href":"https:\/\/caminandofronteras.org\/fr\/wp-json\/wp\/v2\/categories?post=36290"},{"taxonomy":"post_tag","embeddable":true,"href":"https:\/\/caminandofronteras.org\/fr\/wp-json\/wp\/v2\/tags?post=36290"},{"taxonomy":"rutas","embeddable":true,"href":"https:\/\/caminandofronteras.org\/fr\/wp-json\/wp\/v2\/rutas?post=36290"}],"curies":[{"name":"wp","href":"https:\/\/api.w.org\/{rel}","templated":true}]}}