{"id":36562,"date":"2022-06-25T12:06:00","date_gmt":"2022-06-25T11:06:00","guid":{"rendered":"https:\/\/caminandofronteras.org\/?p=36562"},"modified":"2022-08-02T15:47:42","modified_gmt":"2022-08-02T14:47:42","slug":"communique-29-morts-aux-frontieres-europeennes","status":"publish","type":"post","link":"https:\/\/caminandofronteras.org\/fr\/communique-29-morts-aux-frontieres-europeennes\/","title":{"rendered":"COMMUNIQUE: 29 MORTS AUX FRONTIERES EUROPEENNES"},"content":{"rendered":"\t\t<div data-elementor-type=\"wp-post\" data-elementor-id=\"36562\" class=\"elementor elementor-36562 elementor-36520\" data-elementor-post-type=\"post\">\n\t\t\t\t\t\t<section class=\"elementor-section elementor-top-section elementor-element elementor-element-6d2b6d24 elementor-section-boxed elementor-section-height-default elementor-section-height-default\" data-id=\"6d2b6d24\" data-element_type=\"section\" data-e-type=\"section\">\n\t\t\t\t\t\t<div class=\"elementor-container elementor-column-gap-default\">\n\t\t\t\t\t<div class=\"elementor-column elementor-col-100 elementor-top-column elementor-element elementor-element-196930cd\" data-id=\"196930cd\" data-element_type=\"column\" data-e-type=\"column\">\n\t\t\t<div class=\"elementor-widget-wrap elementor-element-populated\">\n\t\t\t\t\t\t<div class=\"elementor-element elementor-element-377a670d elementor-widget elementor-widget-text-editor\" data-id=\"377a670d\" data-element_type=\"widget\" data-e-type=\"widget\" data-widget_type=\"text-editor.default\">\n\t\t\t\t<div class=\"elementor-widget-container\">\n\t\t\t\t\t\t\t\t\t<h3><strong>L&rsquo;accord Espagne-Maroc sur l\u2019immigration tue!<\/strong><\/h3>\n<p dir=\"ltr\">Les tragiques \u00e9v\u00e9nements du 24 juin 2022 sur la fronti\u00e8re entre Nador et Melilla au Maroc rappellent, avec violence, l\u2019\u00e9chec des politiques migratoires s\u00e9curitaires. Les 27 morts et les centaines de bless\u00e9s du c\u00f4t\u00e9 des migrants comme ceux du c\u00f4t\u00e9 des forces d\u2019ordre marocaines sont le symbole de politiques europ\u00e9ennes d\u2019externalisation des fronti\u00e8res de l\u2019Union europ\u00e9enne (UE), avec la complicit\u00e9 d\u2019un pays du Sud, le Maroc. La mort de ces jeunes africains sur les fronti\u00e8res de la \u00ab\u00a0forteresse\u00a0europ\u00e9enne\u00a0\u00bb alerte sur la nature mortif\u00e8re de la coop\u00e9ration s\u00e9curitaire en mati\u00e8re d\u2019immigration entre le Maroc et l\u2019Espagne.\u00a0<\/p>\n<p dir=\"ltr\">Les pr\u00e9mices du drame de ce vendredi 24 juin ont \u00e9t\u00e9 annonc\u00e9s depuis plusieurs semaines. Les campagnes d\u2019arrestations, de ratissages des campements, de d\u00e9placements forc\u00e9s visant les personnes en migration \u00e0 Nador et sa r\u00e9gion \u00e9taient annonciatrices de ce drame \u00e9crit d\u2019avance. La reprise de la coop\u00e9ration s\u00e9curitaire dans le domaine des migrations entre le Maroc et l\u2019Espagne, en mars 2022, a eu pour cons\u00e9quence directe la multiplication des actions coordonn\u00e9es entre les deux pays.\u00a0\u00a0\u00a0<\/p>\n<p dir=\"ltr\">Ces mesures sont marqu\u00e9es par des violations des droits humains des personnes en migration \u00e0 Nador, T\u00e9touan et Tanger ou encore \u00e0 La\u00e2youne et Dakhla. Le drame de cette triste journ\u00e9e est la cons\u00e9quence d\u2019une pression planifi\u00e9e contre les personnes exil\u00e9es.\u00a0<\/p>\n<p dir=\"ltr\">Depuis plus d\u2019un an et demi, les personnes en migration \u00e0 Nador sont priv\u00e9es d\u2019acc\u00e8s aux m\u00e9dicaments, aux soins, voient leurs campements br\u00fbl\u00e9s et leurs biens spoli\u00e9s, leurs maigres denr\u00e9es alimentaires d\u00e9truits et m\u00eame le peu d\u2019eau potable qui est \u00e0 leur disposition dans les campements, il est confisqu\u00e9.\u00a0\u00a0\u00a0<\/p>\n<p dir=\"ltr\">Ces exp\u00e9ditions punitives ont abouti \u00e0 une spirale de violence des deux c\u00f4t\u00e9s. Une violence condamnable quelles que soient ses origines, mais tout en rappelant la violence syst\u00e9mique que subissent les migrants \u00e0 Nador depuis des ann\u00e9es de la part des forces de l\u2019ordre espagnoles comme marocaines. Des pratiques condamn\u00e9es \u00e0 de multiples reprises par des instances nationales, r\u00e9gionales et onusiennes.\u00a0<\/p>\n<p dir=\"ltr\">Face \u00e0 ce nouveau drame aux fronti\u00e8res, et compte tenu de l\u2019ampleur du bilan humain qui sera amen\u00e9, h\u00e9las, \u00e0 \u00eatre revu \u00e0 la hausse, les organisations signataires de ce communiqu\u00e9 annoncent ce qui suit\u00a0:\u00a0<\/p>\n<ul>\n<li dir=\"ltr\" aria-level=\"1\">\n<p dir=\"ltr\" role=\"presentation\">Nous exprimons nos vives condol\u00e9ances aux familles des victimes, parmi les migrants comme dans les rangs des forces de l\u2019ordre.\u00a0<\/p>\n<\/li>\n<li dir=\"ltr\" aria-level=\"1\">\n<p dir=\"ltr\" role=\"presentation\">Nous condamnons l\u2019absence de prise en charge rapide des migrants bless\u00e9s, qui a alourdi ce bilan. Nous exigeons qu\u2019une prise en charge sanitaire ad\u00e9quate et de qualit\u00e9 soit accord\u00e9e \u00e0 toutes les personnes hospitalis\u00e9es \u00e0 la suite de ce drame\u00a0<\/p>\n<\/li>\n<li dir=\"ltr\" aria-level=\"1\">\n<p dir=\"ltr\" role=\"presentation\">Nous exigeons que les autorit\u00e9s marocaines proc\u00e8dent \u00e0 l\u2019identification et \u00e0 la restitution des d\u00e9pouilles des victimes \u00e0 leurs familles, en collaboration avec les communaut\u00e9s des migrants<\/p>\n<\/li>\n<li dir=\"ltr\" aria-level=\"1\">\n<p dir=\"ltr\" role=\"presentation\">Nous exigeons l\u2019ouverture imm\u00e9diate d\u2019une enqu\u00eate judiciaire ind\u00e9pendante du c\u00f4t\u00e9 marocain comme espagnol, ainsi qu\u2019au niveau international pour faire toute la lumi\u00e8re sur ce drame humain.\u00a0<\/p>\n<\/li>\n<li dir=\"ltr\" aria-level=\"1\">\n<p dir=\"ltr\" role=\"presentation\">Nous exigeons la fin des politiques criminelles financ\u00e9es par l\u2019Union europ\u00e9enne et ses nombreux complices, les Etats, certaines organisations internationales et plusieurs organisations de la soci\u00e9t\u00e9 civile qui assurent la sous-traitance de ces politiques criminelles.\u00a0<\/p>\n<\/li>\n<li dir=\"ltr\" aria-level=\"1\">\n<p dir=\"ltr\" role=\"presentation\">Nous appelons les repr\u00e9sentations diplomatiques des pays africains, pr\u00e9sentes au Maroc d\u2019assumer pleinement leurs responsabilit\u00e9s en mati\u00e8re de protection de leurs ressortissants, au lieu d\u2019\u00eatre complices des politiques en cours.\u00a0<\/p>\n<\/li>\n<li dir=\"ltr\" aria-level=\"1\">\n<p dir=\"ltr\" role=\"presentation\">Nous appelons les organisations et les mouvements de d\u00e9fense de droits humains et de d\u00e9fense des droits des personnes en migration \u00e0 se mobiliser dans ce moment critique o\u00f9 le droit de la vie est plus que jamais est danger.\u00a0<\/p>\n<\/li>\n<\/ul>\n<p dir=\"ltr\">Le 25 juin 2022, Rabat.\u00a0<\/p>\n<figure class=\"wp-block-image size-full\"><img fetchpriority=\"high\" decoding=\"async\" width=\"620\" height=\"280\" class=\"wp-image-36539\" src=\"https:\/\/caminandofronteras.org\/wp-content\/uploads\/2022\/06\/amsv-1.png\" alt=\"\" srcset=\"https:\/\/caminandofronteras.org\/wp-content\/uploads\/2022\/06\/amsv-1.png 620w, https:\/\/caminandofronteras.org\/wp-content\/uploads\/2022\/06\/amsv-1-300x135.png 300w\" sizes=\"(max-width: 620px) 100vw, 620px\" \/><\/figure>\n<p>\u00a0<\/p>\t\t\t\t\t\t\t\t<\/div>\n\t\t\t\t<\/div>\n\t\t\t\t\t<\/div>\n\t\t<\/div>\n\t\t\t\t\t<\/div>\n\t\t<\/section>\n\t\t\t\t<\/div>\n\t\t","protected":false},"excerpt":{"rendered":"<p>L&rsquo;accord Espagne-Maroc sur l\u2019immigration tue! Les tragiques \u00e9v\u00e9nements du 24 juin 2022 sur la fronti\u00e8re entre Nador et Melilla au Maroc rappellent, avec violence, l\u2019\u00e9chec des politiques migratoires s\u00e9curitaires. Les 27 morts et les centaines de bless\u00e9s du c\u00f4t\u00e9 des migrants comme ceux du c\u00f4t\u00e9 des forces d\u2019ordre marocaines sont le symbole de politiques europ\u00e9ennes &#8230; <a title=\"COMMUNIQUE: 29 MORTS AUX FRONTIERES EUROPEENNES\" class=\"read-more\" href=\"https:\/\/caminandofronteras.org\/fr\/communique-29-morts-aux-frontieres-europeennes\/\" aria-label=\"En savoir plus sur COMMUNIQUE: 29 MORTS AUX FRONTIERES EUROPEENNES\">Lire plus<\/a><\/p>\n","protected":false},"author":2,"featured_media":36536,"comment_status":"open","ping_status":"closed","sticky":false,"template":"","format":"standard","meta":{"_acf_changed":false,"_coblocks_attr":"","_coblocks_dimensions":"","_coblocks_responsive_height":"","_coblocks_accordion_ie_support":"","pgc_sgb_lightbox_settings":"","footnotes":""},"categories":[5],"tags":[437,270],"rutas":[216,217,218,219],"class_list":["post-36562","post","type-post","status-publish","format-standard","has-post-thumbnail","hentry","category-el-colectivo","tag-2022-fr","tag-droit-a-la-vie","rutas-la-route-dalboran","rutas-la-route-dalgerie","rutas-la-route-des-canaries","rutas-la-route-du-detroit-de-gibraltar"],"acf":[],"yoast_head":"<!-- This site is optimized with the Yoast SEO plugin v27.3 - https:\/\/yoast.com\/product\/yoast-seo-wordpress\/ -->\n<title>COMMUNIQUE: 29 MORTS AUX FRONTIERES EUROPEENNES - Caminando Fronteras<\/title>\n<meta name=\"robots\" content=\"index, follow, max-snippet:-1, max-image-preview:large, max-video-preview:-1\" \/>\n<link rel=\"canonical\" href=\"https:\/\/caminandofronteras.org\/fr\/communique-29-morts-aux-frontieres-europeennes\/\" \/>\n<meta property=\"og:locale\" content=\"fr_FR\" \/>\n<meta property=\"og:type\" content=\"article\" \/>\n<meta property=\"og:title\" content=\"COMMUNIQUE: 29 MORTS AUX FRONTIERES EUROPEENNES - Caminando Fronteras\" \/>\n<meta property=\"og:description\" content=\"L&rsquo;accord Espagne-Maroc sur l\u2019immigration tue! Les tragiques \u00e9v\u00e9nements du 24 juin 2022 sur la fronti\u00e8re entre Nador et Melilla au Maroc rappellent, avec violence, l\u2019\u00e9chec des politiques migratoires s\u00e9curitaires. Les 27 morts et les centaines de bless\u00e9s du c\u00f4t\u00e9 des migrants comme ceux du c\u00f4t\u00e9 des forces d\u2019ordre marocaines sont le symbole de politiques europ\u00e9ennes ... Lire plus\" \/>\n<meta property=\"og:url\" content=\"https:\/\/caminandofronteras.org\/fr\/communique-29-morts-aux-frontieres-europeennes\/\" \/>\n<meta property=\"og:site_name\" content=\"Caminando Fronteras\" \/>\n<meta property=\"article:published_time\" content=\"2022-06-25T11:06:00+00:00\" \/>\n<meta property=\"article:modified_time\" content=\"2022-08-02T14:47:42+00:00\" \/>\n<meta property=\"og:image\" content=\"https:\/\/caminandofronteras.org\/wp-content\/uploads\/2022\/06\/amsv.png\" \/>\n\t<meta property=\"og:image:width\" content=\"792\" \/>\n\t<meta property=\"og:image:height\" content=\"539\" \/>\n\t<meta property=\"og:image:type\" content=\"image\/png\" \/>\n<meta name=\"author\" content=\"caminandofronteras\" \/>\n<meta name=\"twitter:card\" content=\"summary_large_image\" \/>\n<meta name=\"twitter:label1\" content=\"\u00c9crit par\" \/>\n\t<meta name=\"twitter:data1\" content=\"caminandofronteras\" \/>\n\t<meta name=\"twitter:label2\" content=\"Dur\u00e9e de lecture estim\u00e9e\" \/>\n\t<meta name=\"twitter:data2\" content=\"3 minutes\" \/>\n<script type=\"application\/ld+json\" class=\"yoast-schema-graph\">{\"@context\":\"https:\\\/\\\/schema.org\",\"@graph\":[{\"@type\":\"Article\",\"@id\":\"https:\\\/\\\/caminandofronteras.org\\\/fr\\\/communique-29-morts-aux-frontieres-europeennes\\\/#article\",\"isPartOf\":{\"@id\":\"https:\\\/\\\/caminandofronteras.org\\\/fr\\\/communique-29-morts-aux-frontieres-europeennes\\\/\"},\"author\":{\"name\":\"caminandofronteras\",\"@id\":\"https:\\\/\\\/caminandofronteras.org\\\/fr\\\/#\\\/schema\\\/person\\\/6ea0a6362faf30cb0554cd3735263693\"},\"headline\":\"COMMUNIQUE: 29 MORTS AUX FRONTIERES EUROPEENNES\",\"datePublished\":\"2022-06-25T11:06:00+00:00\",\"dateModified\":\"2022-08-02T14:47:42+00:00\",\"mainEntityOfPage\":{\"@id\":\"https:\\\/\\\/caminandofronteras.org\\\/fr\\\/communique-29-morts-aux-frontieres-europeennes\\\/\"},\"wordCount\":687,\"commentCount\":0,\"publisher\":{\"@id\":\"https:\\\/\\\/caminandofronteras.org\\\/fr\\\/#organization\"},\"image\":{\"@id\":\"https:\\\/\\\/caminandofronteras.org\\\/fr\\\/communique-29-morts-aux-frontieres-europeennes\\\/#primaryimage\"},\"thumbnailUrl\":\"https:\\\/\\\/caminandofronteras.org\\\/wp-content\\\/uploads\\\/2022\\\/06\\\/amsv.png\",\"keywords\":[\"2022\",\"droit a la vie\"],\"articleSection\":[\"El colectivo\"],\"inLanguage\":\"fr-FR\",\"potentialAction\":[{\"@type\":\"CommentAction\",\"name\":\"Comment\",\"target\":[\"https:\\\/\\\/caminandofronteras.org\\\/fr\\\/communique-29-morts-aux-frontieres-europeennes\\\/#respond\"]}]},{\"@type\":\"WebPage\",\"@id\":\"https:\\\/\\\/caminandofronteras.org\\\/fr\\\/communique-29-morts-aux-frontieres-europeennes\\\/\",\"url\":\"https:\\\/\\\/caminandofronteras.org\\\/fr\\\/communique-29-morts-aux-frontieres-europeennes\\\/\",\"name\":\"COMMUNIQUE: 29 MORTS AUX FRONTIERES EUROPEENNES - Caminando Fronteras\",\"isPartOf\":{\"@id\":\"https:\\\/\\\/caminandofronteras.org\\\/fr\\\/#website\"},\"primaryImageOfPage\":{\"@id\":\"https:\\\/\\\/caminandofronteras.org\\\/fr\\\/communique-29-morts-aux-frontieres-europeennes\\\/#primaryimage\"},\"image\":{\"@id\":\"https:\\\/\\\/caminandofronteras.org\\\/fr\\\/communique-29-morts-aux-frontieres-europeennes\\\/#primaryimage\"},\"thumbnailUrl\":\"https:\\\/\\\/caminandofronteras.org\\\/wp-content\\\/uploads\\\/2022\\\/06\\\/amsv.png\",\"datePublished\":\"2022-06-25T11:06:00+00:00\",\"dateModified\":\"2022-08-02T14:47:42+00:00\",\"breadcrumb\":{\"@id\":\"https:\\\/\\\/caminandofronteras.org\\\/fr\\\/communique-29-morts-aux-frontieres-europeennes\\\/#breadcrumb\"},\"inLanguage\":\"fr-FR\",\"potentialAction\":[{\"@type\":\"ReadAction\",\"target\":[\"https:\\\/\\\/caminandofronteras.org\\\/fr\\\/communique-29-morts-aux-frontieres-europeennes\\\/\"]}]},{\"@type\":\"ImageObject\",\"inLanguage\":\"fr-FR\",\"@id\":\"https:\\\/\\\/caminandofronteras.org\\\/fr\\\/communique-29-morts-aux-frontieres-europeennes\\\/#primaryimage\",\"url\":\"https:\\\/\\\/caminandofronteras.org\\\/wp-content\\\/uploads\\\/2022\\\/06\\\/amsv.png\",\"contentUrl\":\"https:\\\/\\\/caminandofronteras.org\\\/wp-content\\\/uploads\\\/2022\\\/06\\\/amsv.png\",\"width\":792,\"height\":539},{\"@type\":\"BreadcrumbList\",\"@id\":\"https:\\\/\\\/caminandofronteras.org\\\/fr\\\/communique-29-morts-aux-frontieres-europeennes\\\/#breadcrumb\",\"itemListElement\":[{\"@type\":\"ListItem\",\"position\":1,\"name\":\"Portada\",\"item\":\"https:\\\/\\\/caminandofronteras.org\\\/fr\\\/\"},{\"@type\":\"ListItem\",\"position\":2,\"name\":\"COMMUNIQUE: 29 MORTS AUX FRONTIERES EUROPEENNES\"}]},{\"@type\":\"WebSite\",\"@id\":\"https:\\\/\\\/caminandofronteras.org\\\/fr\\\/#website\",\"url\":\"https:\\\/\\\/caminandofronteras.org\\\/fr\\\/\",\"name\":\"Caminando Fronteras\",\"description\":\"Construyendo comunidad migrante\",\"publisher\":{\"@id\":\"https:\\\/\\\/caminandofronteras.org\\\/fr\\\/#organization\"},\"potentialAction\":[{\"@type\":\"SearchAction\",\"target\":{\"@type\":\"EntryPoint\",\"urlTemplate\":\"https:\\\/\\\/caminandofronteras.org\\\/fr\\\/?s={search_term_string}\"},\"query-input\":{\"@type\":\"PropertyValueSpecification\",\"valueRequired\":true,\"valueName\":\"search_term_string\"}}],\"inLanguage\":\"fr-FR\"},{\"@type\":\"Organization\",\"@id\":\"https:\\\/\\\/caminandofronteras.org\\\/fr\\\/#organization\",\"name\":\"Caminando Fronteras\",\"url\":\"https:\\\/\\\/caminandofronteras.org\\\/fr\\\/\",\"logo\":{\"@type\":\"ImageObject\",\"inLanguage\":\"fr-FR\",\"@id\":\"https:\\\/\\\/caminandofronteras.org\\\/fr\\\/#\\\/schema\\\/logo\\\/image\\\/\",\"url\":\"https:\\\/\\\/caminandofronteras.org\\\/wp-content\\\/uploads\\\/2020\\\/02\\\/cff-negro.svg\",\"contentUrl\":\"https:\\\/\\\/caminandofronteras.org\\\/wp-content\\\/uploads\\\/2020\\\/02\\\/cff-negro.svg\",\"width\":758,\"height\":320,\"caption\":\"Caminando Fronteras\"},\"image\":{\"@id\":\"https:\\\/\\\/caminandofronteras.org\\\/fr\\\/#\\\/schema\\\/logo\\\/image\\\/\"}},{\"@type\":\"Person\",\"@id\":\"https:\\\/\\\/caminandofronteras.org\\\/fr\\\/#\\\/schema\\\/person\\\/6ea0a6362faf30cb0554cd3735263693\",\"name\":\"caminandofronteras\",\"image\":{\"@type\":\"ImageObject\",\"inLanguage\":\"fr-FR\",\"@id\":\"https:\\\/\\\/secure.gravatar.com\\\/avatar\\\/3fc4ed8a5b9cbb04cf92bc2961f1b72cf3dd5182452b059b88f53d9f29fe677f?s=96&d=mm&r=g\",\"url\":\"https:\\\/\\\/secure.gravatar.com\\\/avatar\\\/3fc4ed8a5b9cbb04cf92bc2961f1b72cf3dd5182452b059b88f53d9f29fe677f?s=96&d=mm&r=g\",\"contentUrl\":\"https:\\\/\\\/secure.gravatar.com\\\/avatar\\\/3fc4ed8a5b9cbb04cf92bc2961f1b72cf3dd5182452b059b88f53d9f29fe677f?s=96&d=mm&r=g\",\"caption\":\"caminandofronteras\"},\"url\":\"https:\\\/\\\/caminandofronteras.org\\\/fr\\\/author\\\/caminandofronteras\\\/\"}]}<\/script>\n<!-- \/ Yoast SEO plugin. -->","yoast_head_json":{"title":"COMMUNIQUE: 29 MORTS AUX FRONTIERES EUROPEENNES - Caminando Fronteras","robots":{"index":"index","follow":"follow","max-snippet":"max-snippet:-1","max-image-preview":"max-image-preview:large","max-video-preview":"max-video-preview:-1"},"canonical":"https:\/\/caminandofronteras.org\/fr\/communique-29-morts-aux-frontieres-europeennes\/","og_locale":"fr_FR","og_type":"article","og_title":"COMMUNIQUE: 29 MORTS AUX FRONTIERES EUROPEENNES - Caminando Fronteras","og_description":"L&rsquo;accord Espagne-Maroc sur l\u2019immigration tue! Les tragiques \u00e9v\u00e9nements du 24 juin 2022 sur la fronti\u00e8re entre Nador et Melilla au Maroc rappellent, avec violence, l\u2019\u00e9chec des politiques migratoires s\u00e9curitaires. Les 27 morts et les centaines de bless\u00e9s du c\u00f4t\u00e9 des migrants comme ceux du c\u00f4t\u00e9 des forces d\u2019ordre marocaines sont le symbole de politiques europ\u00e9ennes ... Lire plus","og_url":"https:\/\/caminandofronteras.org\/fr\/communique-29-morts-aux-frontieres-europeennes\/","og_site_name":"Caminando Fronteras","article_published_time":"2022-06-25T11:06:00+00:00","article_modified_time":"2022-08-02T14:47:42+00:00","og_image":[{"width":792,"height":539,"url":"https:\/\/caminandofronteras.org\/wp-content\/uploads\/2022\/06\/amsv.png","type":"image\/png"}],"author":"caminandofronteras","twitter_card":"summary_large_image","twitter_misc":{"\u00c9crit par":"caminandofronteras","Dur\u00e9e de lecture estim\u00e9e":"3 minutes"},"schema":{"@context":"https:\/\/schema.org","@graph":[{"@type":"Article","@id":"https:\/\/caminandofronteras.org\/fr\/communique-29-morts-aux-frontieres-europeennes\/#article","isPartOf":{"@id":"https:\/\/caminandofronteras.org\/fr\/communique-29-morts-aux-frontieres-europeennes\/"},"author":{"name":"caminandofronteras","@id":"https:\/\/caminandofronteras.org\/fr\/#\/schema\/person\/6ea0a6362faf30cb0554cd3735263693"},"headline":"COMMUNIQUE: 29 MORTS AUX FRONTIERES EUROPEENNES","datePublished":"2022-06-25T11:06:00+00:00","dateModified":"2022-08-02T14:47:42+00:00","mainEntityOfPage":{"@id":"https:\/\/caminandofronteras.org\/fr\/communique-29-morts-aux-frontieres-europeennes\/"},"wordCount":687,"commentCount":0,"publisher":{"@id":"https:\/\/caminandofronteras.org\/fr\/#organization"},"image":{"@id":"https:\/\/caminandofronteras.org\/fr\/communique-29-morts-aux-frontieres-europeennes\/#primaryimage"},"thumbnailUrl":"https:\/\/caminandofronteras.org\/wp-content\/uploads\/2022\/06\/amsv.png","keywords":["2022","droit a la vie"],"articleSection":["El colectivo"],"inLanguage":"fr-FR","potentialAction":[{"@type":"CommentAction","name":"Comment","target":["https:\/\/caminandofronteras.org\/fr\/communique-29-morts-aux-frontieres-europeennes\/#respond"]}]},{"@type":"WebPage","@id":"https:\/\/caminandofronteras.org\/fr\/communique-29-morts-aux-frontieres-europeennes\/","url":"https:\/\/caminandofronteras.org\/fr\/communique-29-morts-aux-frontieres-europeennes\/","name":"COMMUNIQUE: 29 MORTS AUX FRONTIERES EUROPEENNES - Caminando Fronteras","isPartOf":{"@id":"https:\/\/caminandofronteras.org\/fr\/#website"},"primaryImageOfPage":{"@id":"https:\/\/caminandofronteras.org\/fr\/communique-29-morts-aux-frontieres-europeennes\/#primaryimage"},"image":{"@id":"https:\/\/caminandofronteras.org\/fr\/communique-29-morts-aux-frontieres-europeennes\/#primaryimage"},"thumbnailUrl":"https:\/\/caminandofronteras.org\/wp-content\/uploads\/2022\/06\/amsv.png","datePublished":"2022-06-25T11:06:00+00:00","dateModified":"2022-08-02T14:47:42+00:00","breadcrumb":{"@id":"https:\/\/caminandofronteras.org\/fr\/communique-29-morts-aux-frontieres-europeennes\/#breadcrumb"},"inLanguage":"fr-FR","potentialAction":[{"@type":"ReadAction","target":["https:\/\/caminandofronteras.org\/fr\/communique-29-morts-aux-frontieres-europeennes\/"]}]},{"@type":"ImageObject","inLanguage":"fr-FR","@id":"https:\/\/caminandofronteras.org\/fr\/communique-29-morts-aux-frontieres-europeennes\/#primaryimage","url":"https:\/\/caminandofronteras.org\/wp-content\/uploads\/2022\/06\/amsv.png","contentUrl":"https:\/\/caminandofronteras.org\/wp-content\/uploads\/2022\/06\/amsv.png","width":792,"height":539},{"@type":"BreadcrumbList","@id":"https:\/\/caminandofronteras.org\/fr\/communique-29-morts-aux-frontieres-europeennes\/#breadcrumb","itemListElement":[{"@type":"ListItem","position":1,"name":"Portada","item":"https:\/\/caminandofronteras.org\/fr\/"},{"@type":"ListItem","position":2,"name":"COMMUNIQUE: 29 MORTS AUX FRONTIERES EUROPEENNES"}]},{"@type":"WebSite","@id":"https:\/\/caminandofronteras.org\/fr\/#website","url":"https:\/\/caminandofronteras.org\/fr\/","name":"Caminando Fronteras","description":"Construyendo comunidad migrante","publisher":{"@id":"https:\/\/caminandofronteras.org\/fr\/#organization"},"potentialAction":[{"@type":"SearchAction","target":{"@type":"EntryPoint","urlTemplate":"https:\/\/caminandofronteras.org\/fr\/?s={search_term_string}"},"query-input":{"@type":"PropertyValueSpecification","valueRequired":true,"valueName":"search_term_string"}}],"inLanguage":"fr-FR"},{"@type":"Organization","@id":"https:\/\/caminandofronteras.org\/fr\/#organization","name":"Caminando Fronteras","url":"https:\/\/caminandofronteras.org\/fr\/","logo":{"@type":"ImageObject","inLanguage":"fr-FR","@id":"https:\/\/caminandofronteras.org\/fr\/#\/schema\/logo\/image\/","url":"https:\/\/caminandofronteras.org\/wp-content\/uploads\/2020\/02\/cff-negro.svg","contentUrl":"https:\/\/caminandofronteras.org\/wp-content\/uploads\/2020\/02\/cff-negro.svg","width":758,"height":320,"caption":"Caminando Fronteras"},"image":{"@id":"https:\/\/caminandofronteras.org\/fr\/#\/schema\/logo\/image\/"}},{"@type":"Person","@id":"https:\/\/caminandofronteras.org\/fr\/#\/schema\/person\/6ea0a6362faf30cb0554cd3735263693","name":"caminandofronteras","image":{"@type":"ImageObject","inLanguage":"fr-FR","@id":"https:\/\/secure.gravatar.com\/avatar\/3fc4ed8a5b9cbb04cf92bc2961f1b72cf3dd5182452b059b88f53d9f29fe677f?s=96&d=mm&r=g","url":"https:\/\/secure.gravatar.com\/avatar\/3fc4ed8a5b9cbb04cf92bc2961f1b72cf3dd5182452b059b88f53d9f29fe677f?s=96&d=mm&r=g","contentUrl":"https:\/\/secure.gravatar.com\/avatar\/3fc4ed8a5b9cbb04cf92bc2961f1b72cf3dd5182452b059b88f53d9f29fe677f?s=96&d=mm&r=g","caption":"caminandofronteras"},"url":"https:\/\/caminandofronteras.org\/fr\/author\/caminandofronteras\/"}]}},"_links":{"self":[{"href":"https:\/\/caminandofronteras.org\/fr\/wp-json\/wp\/v2\/posts\/36562","targetHints":{"allow":["GET"]}}],"collection":[{"href":"https:\/\/caminandofronteras.org\/fr\/wp-json\/wp\/v2\/posts"}],"about":[{"href":"https:\/\/caminandofronteras.org\/fr\/wp-json\/wp\/v2\/types\/post"}],"author":[{"embeddable":true,"href":"https:\/\/caminandofronteras.org\/fr\/wp-json\/wp\/v2\/users\/2"}],"replies":[{"embeddable":true,"href":"https:\/\/caminandofronteras.org\/fr\/wp-json\/wp\/v2\/comments?post=36562"}],"version-history":[{"count":13,"href":"https:\/\/caminandofronteras.org\/fr\/wp-json\/wp\/v2\/posts\/36562\/revisions"}],"predecessor-version":[{"id":36940,"href":"https:\/\/caminandofronteras.org\/fr\/wp-json\/wp\/v2\/posts\/36562\/revisions\/36940"}],"wp:featuredmedia":[{"embeddable":true,"href":"https:\/\/caminandofronteras.org\/fr\/wp-json\/wp\/v2\/media\/36536"}],"wp:attachment":[{"href":"https:\/\/caminandofronteras.org\/fr\/wp-json\/wp\/v2\/media?parent=36562"}],"wp:term":[{"taxonomy":"category","embeddable":true,"href":"https:\/\/caminandofronteras.org\/fr\/wp-json\/wp\/v2\/categories?post=36562"},{"taxonomy":"post_tag","embeddable":true,"href":"https:\/\/caminandofronteras.org\/fr\/wp-json\/wp\/v2\/tags?post=36562"},{"taxonomy":"rutas","embeddable":true,"href":"https:\/\/caminandofronteras.org\/fr\/wp-json\/wp\/v2\/rutas?post=36562"}],"curies":[{"name":"wp","href":"https:\/\/api.w.org\/{rel}","templated":true}]}}