{"id":43234,"date":"2024-10-04T10:01:39","date_gmt":"2024-10-04T08:01:39","guid":{"rendered":"https:\/\/caminandofronteras.org\/?p=43234"},"modified":"2024-10-04T10:01:41","modified_gmt":"2024-10-04T08:01:41","slug":"caminando-fronteras-denonce-le-racisme-institutionnel-a-legard-des-migrants-victimes-apres-le-naufrage-le-plus-tragique-sur-la-route-des-canaries","status":"publish","type":"post","link":"https:\/\/caminandofronteras.org\/fr\/caminando-fronteras-denonce-le-racisme-institutionnel-a-legard-des-migrants-victimes-apres-le-naufrage-le-plus-tragique-sur-la-route-des-canaries\/","title":{"rendered":"Caminando Fronteras d\u00e9nonce le racisme institutionnel \u00e0 l&rsquo;\u00e9gard des migrants victimes apr\u00e8s le naufrage le plus tragique sur la route des Canaries"},"content":{"rendered":"\n<p>Aux premi\u00e8res heures du samedi 28 septembre, <strong>Caminando Fronteras <\/strong>a re\u00e7u les premiers appels de proches nous alertant de la pr\u00e9sence d&rsquo;un cayuco \u00e0 la d\u00e9rive au large de la c\u00f4te d&rsquo;El Hierro. Selon les informations fournies par les survivants et les proches, le bateau avait quitt\u00e9 la Mauritanie avec <strong>90 personnes \u00e0 bord<\/strong>, originaires du Mali, du S\u00e9n\u00e9gal et de Mauritanie. Le moteur du bateau s&rsquo;est arr\u00eat\u00e9 alors qu&rsquo;ils avaient d\u00e9j\u00e0 rep\u00e9r\u00e9 les lumi\u00e8res de l&rsquo;\u00eele.<\/p>\n\n\n<div class=\"wp-block-image\">\n<figure class=\"aligncenter size-large\"><img fetchpriority=\"high\" decoding=\"async\" width=\"1024\" height=\"1024\" src=\"https:\/\/caminandofronteras.org\/wp-content\/uploads\/2024\/06\/DALV-ene-may-2024-FR-6-1024x1024.jpg\" alt=\"\" class=\"wp-image-42928\" srcset=\"https:\/\/caminandofronteras.org\/wp-content\/uploads\/2024\/06\/DALV-ene-may-2024-FR-6-1024x1024.jpg 1024w, https:\/\/caminandofronteras.org\/wp-content\/uploads\/2024\/06\/DALV-ene-may-2024-FR-6-300x300.jpg 300w, https:\/\/caminandofronteras.org\/wp-content\/uploads\/2024\/06\/DALV-ene-may-2024-FR-6-150x150.jpg 150w, https:\/\/caminandofronteras.org\/wp-content\/uploads\/2024\/06\/DALV-ene-may-2024-FR-6-768x768.jpg 768w, https:\/\/caminandofronteras.org\/wp-content\/uploads\/2024\/06\/DALV-ene-may-2024-FR-6.jpg 1080w\" sizes=\"(max-width: 1024px) 100vw, 1024px\" \/><\/figure>\n<\/div>\n\n\n<p><\/p>\n\n\n\n<p><strong>Caminando Fronteras <\/strong>a imm\u00e9diatement pr\u00e9venu les services de secours, qui sont venus \u00e0 la rescousse et ont pu localiser le bateau. Cependant, quelques heures plus tard, il a \u00e9t\u00e9 confirm\u00e9 que <strong>seules 27 personnes avaient surv\u00e9cu <\/strong>; les autres 63 personnes sont mortes, ce qui fait de cette trag\u00e9die-l\u00e0 plus terrible qui ait frapp\u00e9 la c\u00f4te des \u00eeles Canaries au cours des 30 derni\u00e8res ann\u00e9es. Jusqu&rsquo;\u00e0 pr\u00e9sent, seuls <strong>neuf corps ont \u00e9t\u00e9 retrouv\u00e9s<\/strong>.<\/p>\n\n\n\n<div class=\"wp-block-cover is-light has-custom-content-position is-position-bottom-left has-base-3-color has-text-color has-link-color has-small-font-size wp-elements-a8b28e5901fbf0fd47f6afd77285626d has-aspect-ratio\" style=\"margin-top:0;margin-bottom:0;aspect-ratio:4\/3;min-height:unset;\"><span aria-hidden=\"true\" class=\"wp-block-cover__background has-background-dim-0 has-background-dim\"><\/span><img decoding=\"async\" width=\"640\" height=\"426\" class=\"wp-block-cover__image-background wp-image-43194\" alt=\"\" src=\"https:\/\/caminandofronteras.org\/wp-content\/uploads\/2024\/10\/OBJ_20240930T194805S0007I_1_1_1_15_3_1.jpg\" data-object-fit=\"cover\" srcset=\"https:\/\/caminandofronteras.org\/wp-content\/uploads\/2024\/10\/OBJ_20240930T194805S0007I_1_1_1_15_3_1.jpg 640w, https:\/\/caminandofronteras.org\/wp-content\/uploads\/2024\/10\/OBJ_20240930T194805S0007I_1_1_1_15_3_1-300x200.jpg 300w\" sizes=\"(max-width: 640px) 100vw, 640px\" \/><div class=\"wp-block-cover__inner-container is-layout-flow wp-block-cover-is-layout-flow\">\n<p class=\"has-text-align-center has-small-font-size\">Photo: Gelmert Finol (EFE)<\/p>\n<\/div><\/div>\n\n\n\n<p><\/p>\n\n\n\n<h2 class=\"wp-block-heading\"><strong>Le racisme institutionnel : une r\u00e9alit\u00e9 que nous d\u00e9non\u00e7ons<\/strong><\/h2>\n\n\n\n<p>Dans les trag\u00e9dies qui font de nombreuses victimes, comme celle-ci, il existe des protocoles et des ressources pour s&rsquo;occuper \u00e0 la fois des survivants et des proches des personnes d\u00e9c\u00e9d\u00e9es. <strong>Malheureusement, lorsque les victimes sont des migrants, ces protocoles ne sont pas appliqu\u00e9s<\/strong>. Cette situation t\u00e9moigne du racisme institutionnel que <strong>Caminando Fronteras <\/strong>a d\u00e9nonc\u00e9 ces derni\u00e8res ann\u00e9es dans les territoires frontaliers.<\/p>\n\n\n\n<h2 class=\"wp-block-heading\"><strong>M\u00e9canismes d&rsquo;assistance et de justice pour les victimes et leurs familles<\/strong><\/h2>\n\n\n\n<p>Il est imp\u00e9ratif que l&rsquo;\u00c9tat espagnol mette en place les m\u00e9canismes suivants pour garantir les droits des victimes et de leurs familles :<\/p>\n\n\n\n<ol class=\"wp-block-list\">\n<li><strong>Recherche ind\u00e9pendante<\/strong><strong>.<\/strong><\/li>\n<\/ol>\n\n\n\n<p>Lorsque des accidents de cette ampleur se produisent, une enqu\u00eate ind\u00e9pendante doit \u00eatre men\u00e9e pour en \u00e9tablir les causes. Il s&rsquo;agit d&rsquo;un droit fondamental pour les familles et les victimes elles-m\u00eames.<\/p>\n\n\n\n<ol start=\"2\" class=\"wp-block-list\">\n<li><strong>N&rsquo;enterrez pas les corps tant que les proches n&rsquo;ont pas pu les identifier.<\/strong><\/li>\n<\/ol>\n\n\n\n<p>Il est essentiel que les corps ne soient pas enterr\u00e9s avant que les proches puissent les identifier. <strong>Caminando Fronteras <\/strong>s&rsquo;efforce actuellement de trouver des proches qui puissent identifier les corps avec toutes les garanties, mais cet effort sera vain si les autorit\u00e9s d\u00e9cident d&rsquo;enterrer les corps imm\u00e9diatement. Nous comprenons que dans des zones comme El Hierro, comme cela s&rsquo;est produit pr\u00e9c\u00e9demment \u00e0 Ceuta et Melilla, il n&rsquo;y a pas suffisamment de moyens pour pouvoir conserver les corps, mais dans des circonstances exceptionnelles comme celles-ci, ils pourraient \u00eatre transf\u00e9r\u00e9s dans d&rsquo;autres lieux pour donner aux familles le temps d&rsquo;identifier et de d\u00e9cider de l&rsquo;enterrement de leurs proches.<\/p>\n\n\n\n<ol start=\"3\" class=\"wp-block-list\">\n<li><strong>Faciliter les m\u00e9canismes permettant aux proches d&rsquo;effectuer les <\/strong><strong>d\u00e9marches n\u00e9cessaires \u00e0 l&rsquo;identification des victimes.<\/strong><\/li>\n<\/ol>\n\n\n\n<p>Nous demandons que les m\u00e9canismes pr\u00e9vus par les r\u00e8glements soient activ\u00e9s, m\u00eame s&rsquo;ils ne le sont qu&rsquo;\u00e0 titre exceptionnel et sous la pression de la soci\u00e9t\u00e9 civile, notamment :<\/p>\n\n\n\n<ul class=\"wp-block-list\">\n<li><strong>D\u00e9livrer des visas humanitaires <\/strong>afin que les proches puissent se rendre de leur pays d&rsquo;origine aux \u00eeles Canaries pour aider \u00e0 l&rsquo;identification des corps.<\/li>\n\n\n\n<li><strong>Autoriser la remise d&rsquo;\u00e9chantillons d&rsquo;ADN aux ambassades <\/strong><strong>espagnoles <\/strong>afin que les membres de la famille qui ne peuvent pas voyager puissent \u00e9galement participer \u00e0 l&rsquo;identification.<\/li>\n<\/ul>\n\n\n\n<div class=\"wp-block-cover has-custom-content-position is-position-bottom-left has-aspect-ratio\" style=\"margin-top:0;margin-bottom:0;aspect-ratio:4\/3;min-height:unset;\"><span aria-hidden=\"true\" class=\"wp-block-cover__background has-background-dim-0 has-background-dim\"><\/span><img decoding=\"async\" width=\"640\" height=\"426\" class=\"wp-block-cover__image-background wp-image-43227\" alt=\"\" src=\"https:\/\/caminandofronteras.org\/wp-content\/uploads\/2024\/10\/crop-0-0-640-426-0-OBJ_20241001T182255S0012I_1_1_1_15_3_1.jpg\" data-object-fit=\"cover\" srcset=\"https:\/\/caminandofronteras.org\/wp-content\/uploads\/2024\/10\/crop-0-0-640-426-0-OBJ_20241001T182255S0012I_1_1_1_15_3_1.jpg 640w, https:\/\/caminandofronteras.org\/wp-content\/uploads\/2024\/10\/crop-0-0-640-426-0-OBJ_20241001T182255S0012I_1_1_1_15_3_1-300x200.jpg 300w\" sizes=\"(max-width: 640px) 100vw, 640px\" \/><div class=\"wp-block-cover__inner-container is-layout-flow wp-block-cover-is-layout-flow\">\n<p class=\"has-text-align-center has-base-3-color has-text-color has-link-color has-small-font-size wp-elements-8ff3ffc6a28dc2f83723fd767004f645\">Photo: Gelmert Finol (EFE)<\/p>\n<\/div><\/div>\n\n\n\n<p><\/p>\n\n\n\n<h2 class=\"wp-block-heading\"><strong>L&rsquo;importance de garantir les droits des familles<\/strong><\/h2>\n\n\n\n<p>Au lendemain de la trag\u00e9die, des moyens doivent \u00eatre mis \u00e0 disposition pour continuer \u00e0 r\u00e9cup\u00e9rer le maximum de corps. En outre, des m\u00e9canismes doivent \u00eatre mis en place pour aider les familles et les professionnels charg\u00e9s de l&rsquo;identification des personnes d\u00e9c\u00e9d\u00e9es. <strong>Les familles <\/strong><strong>ne doivent pas \u00eatre soumises \u00e0 un processus de re-victimisation. <\/strong>Il est essentiel de leur garantir l&rsquo;acc\u00e8s \u00e0 la v\u00e9rit\u00e9, de leur permettre d&rsquo;identifier et de r\u00e9cup\u00e9rer les corps de leurs proches afin de panser leurs blessures et de les pleurer dignement.<\/p>\n\n\n\n<p><strong>Caminando Fronteras <\/strong>continuera \u00e0 lutter pour les droits des migrants, \u00e0 d\u00e9noncer le racisme institutionnel et \u00e0 exiger le respect des protocoles de justice et d&rsquo;humanit\u00e9 qui s&rsquo;appliquent dans ces circonstances tragiques.<\/p>\n\n\n\n<p><\/p>\n","protected":false},"excerpt":{"rendered":"<p>Aux premi\u00e8res heures du samedi 28 septembre, Caminando Fronteras a re\u00e7u les premiers appels de proches nous alertant de la pr\u00e9sence d&rsquo;un cayuco \u00e0 la d\u00e9rive au large de la c\u00f4te d&rsquo;El Hierro. Selon les informations fournies par les survivants et les proches, le bateau avait quitt\u00e9 la Mauritanie avec 90 personnes \u00e0 bord, originaires &#8230; <a title=\"Caminando Fronteras d\u00e9nonce le racisme institutionnel \u00e0 l&rsquo;\u00e9gard des migrants victimes apr\u00e8s le naufrage le plus tragique sur la route des Canaries\" class=\"read-more\" href=\"https:\/\/caminandofronteras.org\/fr\/caminando-fronteras-denonce-le-racisme-institutionnel-a-legard-des-migrants-victimes-apres-le-naufrage-le-plus-tragique-sur-la-route-des-canaries\/\" aria-label=\"En savoir plus sur Caminando Fronteras d\u00e9nonce le racisme institutionnel \u00e0 l&rsquo;\u00e9gard des migrants victimes apr\u00e8s le naufrage le plus tragique sur la route des Canaries\">Lire plus<\/a><\/p>\n","protected":false},"author":9,"featured_media":43197,"comment_status":"open","ping_status":"closed","sticky":false,"template":"","format":"standard","meta":{"_acf_changed":false,"_coblocks_attr":"","_coblocks_dimensions":"","_coblocks_responsive_height":"","_coblocks_accordion_ie_support":"","pgc_sgb_lightbox_settings":"","footnotes":""},"categories":[186],"tags":[270,482,478],"rutas":[],"class_list":["post-43234","post","type-post","status-publish","format-standard","has-post-thumbnail","hentry","category-actualite","tag-droit-a-la-vie","tag-frontera-occidental-euroafricana-fr","tag-ruta-canaria-fr"],"acf":[],"yoast_head":"<!-- This site is optimized with the Yoast SEO plugin v27.3 - https:\/\/yoast.com\/product\/yoast-seo-wordpress\/ -->\n<title>Caminando Fronteras d\u00e9nonce le racisme institutionnel \u00e0 l&#039;\u00e9gard des migrants victimes apr\u00e8s le naufrage le plus tragique sur la route des Canaries - Caminando Fronteras<\/title>\n<meta name=\"robots\" content=\"index, follow, max-snippet:-1, max-image-preview:large, max-video-preview:-1\" \/>\n<link rel=\"canonical\" href=\"https:\/\/caminandofronteras.org\/fr\/caminando-fronteras-denonce-le-racisme-institutionnel-a-legard-des-migrants-victimes-apres-le-naufrage-le-plus-tragique-sur-la-route-des-canaries\/\" \/>\n<meta property=\"og:locale\" content=\"fr_FR\" \/>\n<meta property=\"og:type\" content=\"article\" \/>\n<meta property=\"og:title\" content=\"Caminando Fronteras d\u00e9nonce le racisme institutionnel \u00e0 l&#039;\u00e9gard des migrants victimes apr\u00e8s le naufrage le plus tragique sur la route des Canaries - Caminando Fronteras\" \/>\n<meta property=\"og:description\" content=\"Aux premi\u00e8res heures du samedi 28 septembre, Caminando Fronteras a re\u00e7u les premiers appels de proches nous alertant de la pr\u00e9sence d&rsquo;un cayuco \u00e0 la d\u00e9rive au large de la c\u00f4te d&rsquo;El Hierro. Selon les informations fournies par les survivants et les proches, le bateau avait quitt\u00e9 la Mauritanie avec 90 personnes \u00e0 bord, originaires ... Lire plus\" \/>\n<meta property=\"og:url\" content=\"https:\/\/caminandofronteras.org\/fr\/caminando-fronteras-denonce-le-racisme-institutionnel-a-legard-des-migrants-victimes-apres-le-naufrage-le-plus-tragique-sur-la-route-des-canaries\/\" \/>\n<meta property=\"og:site_name\" content=\"Caminando Fronteras\" \/>\n<meta property=\"article:published_time\" content=\"2024-10-04T08:01:39+00:00\" \/>\n<meta property=\"article:modified_time\" content=\"2024-10-04T08:01:41+00:00\" \/>\n<meta property=\"og:image\" content=\"https:\/\/caminandofronteras.org\/wp-content\/uploads\/2024\/10\/OBJ_20241001T182547S0012I_1_1_1_15_3_1.jpg\" \/>\n\t<meta property=\"og:image:width\" content=\"640\" \/>\n\t<meta property=\"og:image:height\" content=\"426\" \/>\n\t<meta property=\"og:image:type\" content=\"image\/jpeg\" \/>\n<meta name=\"author\" content=\"Erika Guilabert\" \/>\n<meta name=\"twitter:card\" content=\"summary_large_image\" \/>\n<meta name=\"twitter:label1\" content=\"\u00c9crit par\" \/>\n\t<meta name=\"twitter:data1\" content=\"Erika Guilabert\" \/>\n\t<meta name=\"twitter:label2\" content=\"Dur\u00e9e de lecture estim\u00e9e\" \/>\n\t<meta name=\"twitter:data2\" content=\"4 minutes\" \/>\n<script type=\"application\/ld+json\" class=\"yoast-schema-graph\">{\"@context\":\"https:\\\/\\\/schema.org\",\"@graph\":[{\"@type\":\"Article\",\"@id\":\"https:\\\/\\\/caminandofronteras.org\\\/fr\\\/caminando-fronteras-denonce-le-racisme-institutionnel-a-legard-des-migrants-victimes-apres-le-naufrage-le-plus-tragique-sur-la-route-des-canaries\\\/#article\",\"isPartOf\":{\"@id\":\"https:\\\/\\\/caminandofronteras.org\\\/fr\\\/caminando-fronteras-denonce-le-racisme-institutionnel-a-legard-des-migrants-victimes-apres-le-naufrage-le-plus-tragique-sur-la-route-des-canaries\\\/\"},\"author\":{\"name\":\"Erika Guilabert\",\"@id\":\"https:\\\/\\\/caminandofronteras.org\\\/fr\\\/#\\\/schema\\\/person\\\/786f5ec010e54acf0c92a7a593b69e94\"},\"headline\":\"Caminando Fronteras d\u00e9nonce le racisme institutionnel \u00e0 l&rsquo;\u00e9gard des migrants victimes apr\u00e8s le naufrage le plus tragique sur la route des Canaries\",\"datePublished\":\"2024-10-04T08:01:39+00:00\",\"dateModified\":\"2024-10-04T08:01:41+00:00\",\"mainEntityOfPage\":{\"@id\":\"https:\\\/\\\/caminandofronteras.org\\\/fr\\\/caminando-fronteras-denonce-le-racisme-institutionnel-a-legard-des-migrants-victimes-apres-le-naufrage-le-plus-tragique-sur-la-route-des-canaries\\\/\"},\"wordCount\":736,\"commentCount\":0,\"publisher\":{\"@id\":\"https:\\\/\\\/caminandofronteras.org\\\/fr\\\/#organization\"},\"image\":{\"@id\":\"https:\\\/\\\/caminandofronteras.org\\\/fr\\\/caminando-fronteras-denonce-le-racisme-institutionnel-a-legard-des-migrants-victimes-apres-le-naufrage-le-plus-tragique-sur-la-route-des-canaries\\\/#primaryimage\"},\"thumbnailUrl\":\"https:\\\/\\\/caminandofronteras.org\\\/wp-content\\\/uploads\\\/2024\\\/10\\\/OBJ_20241001T182547S0012I_1_1_1_15_3_1.jpg\",\"keywords\":[\"droit a la vie\",\"frontera occidental euroafricana\",\"ruta canaria\"],\"articleSection\":[\"Actualit\u00e9\"],\"inLanguage\":\"fr-FR\",\"potentialAction\":[{\"@type\":\"CommentAction\",\"name\":\"Comment\",\"target\":[\"https:\\\/\\\/caminandofronteras.org\\\/fr\\\/caminando-fronteras-denonce-le-racisme-institutionnel-a-legard-des-migrants-victimes-apres-le-naufrage-le-plus-tragique-sur-la-route-des-canaries\\\/#respond\"]}]},{\"@type\":\"WebPage\",\"@id\":\"https:\\\/\\\/caminandofronteras.org\\\/fr\\\/caminando-fronteras-denonce-le-racisme-institutionnel-a-legard-des-migrants-victimes-apres-le-naufrage-le-plus-tragique-sur-la-route-des-canaries\\\/\",\"url\":\"https:\\\/\\\/caminandofronteras.org\\\/fr\\\/caminando-fronteras-denonce-le-racisme-institutionnel-a-legard-des-migrants-victimes-apres-le-naufrage-le-plus-tragique-sur-la-route-des-canaries\\\/\",\"name\":\"Caminando Fronteras d\u00e9nonce le racisme institutionnel \u00e0 l'\u00e9gard des migrants victimes apr\u00e8s le naufrage le plus tragique sur la route des Canaries - Caminando Fronteras\",\"isPartOf\":{\"@id\":\"https:\\\/\\\/caminandofronteras.org\\\/fr\\\/#website\"},\"primaryImageOfPage\":{\"@id\":\"https:\\\/\\\/caminandofronteras.org\\\/fr\\\/caminando-fronteras-denonce-le-racisme-institutionnel-a-legard-des-migrants-victimes-apres-le-naufrage-le-plus-tragique-sur-la-route-des-canaries\\\/#primaryimage\"},\"image\":{\"@id\":\"https:\\\/\\\/caminandofronteras.org\\\/fr\\\/caminando-fronteras-denonce-le-racisme-institutionnel-a-legard-des-migrants-victimes-apres-le-naufrage-le-plus-tragique-sur-la-route-des-canaries\\\/#primaryimage\"},\"thumbnailUrl\":\"https:\\\/\\\/caminandofronteras.org\\\/wp-content\\\/uploads\\\/2024\\\/10\\\/OBJ_20241001T182547S0012I_1_1_1_15_3_1.jpg\",\"datePublished\":\"2024-10-04T08:01:39+00:00\",\"dateModified\":\"2024-10-04T08:01:41+00:00\",\"breadcrumb\":{\"@id\":\"https:\\\/\\\/caminandofronteras.org\\\/fr\\\/caminando-fronteras-denonce-le-racisme-institutionnel-a-legard-des-migrants-victimes-apres-le-naufrage-le-plus-tragique-sur-la-route-des-canaries\\\/#breadcrumb\"},\"inLanguage\":\"fr-FR\",\"potentialAction\":[{\"@type\":\"ReadAction\",\"target\":[\"https:\\\/\\\/caminandofronteras.org\\\/fr\\\/caminando-fronteras-denonce-le-racisme-institutionnel-a-legard-des-migrants-victimes-apres-le-naufrage-le-plus-tragique-sur-la-route-des-canaries\\\/\"]}]},{\"@type\":\"ImageObject\",\"inLanguage\":\"fr-FR\",\"@id\":\"https:\\\/\\\/caminandofronteras.org\\\/fr\\\/caminando-fronteras-denonce-le-racisme-institutionnel-a-legard-des-migrants-victimes-apres-le-naufrage-le-plus-tragique-sur-la-route-des-canaries\\\/#primaryimage\",\"url\":\"https:\\\/\\\/caminandofronteras.org\\\/wp-content\\\/uploads\\\/2024\\\/10\\\/OBJ_20241001T182547S0012I_1_1_1_15_3_1.jpg\",\"contentUrl\":\"https:\\\/\\\/caminandofronteras.org\\\/wp-content\\\/uploads\\\/2024\\\/10\\\/OBJ_20241001T182547S0012I_1_1_1_15_3_1.jpg\",\"width\":640,\"height\":426,\"caption\":\"LA FRONTERA (EL HIERRO), 10\\\/01\\\/2024.-Imagen de la inhumaci\u00f3n, en el cementerio municipal de La Frontera, en el Vale de El Golfo, de seis, de los nueve migrantes, cuyos cuerpos fueron recuperados tras el naufragio de un cayuco en aguas cercanas a la costa de El Hierro, la madrugada del pasado s\u00e1bado. EFE\\\/ Gelmert Finol\"},{\"@type\":\"BreadcrumbList\",\"@id\":\"https:\\\/\\\/caminandofronteras.org\\\/fr\\\/caminando-fronteras-denonce-le-racisme-institutionnel-a-legard-des-migrants-victimes-apres-le-naufrage-le-plus-tragique-sur-la-route-des-canaries\\\/#breadcrumb\",\"itemListElement\":[{\"@type\":\"ListItem\",\"position\":1,\"name\":\"Portada\",\"item\":\"https:\\\/\\\/caminandofronteras.org\\\/fr\\\/\"},{\"@type\":\"ListItem\",\"position\":2,\"name\":\"Caminando Fronteras d\u00e9nonce le racisme institutionnel \u00e0 l&#8217;\u00e9gard des migrants victimes apr\u00e8s le naufrage le plus tragique sur la route des Canaries\"}]},{\"@type\":\"WebSite\",\"@id\":\"https:\\\/\\\/caminandofronteras.org\\\/fr\\\/#website\",\"url\":\"https:\\\/\\\/caminandofronteras.org\\\/fr\\\/\",\"name\":\"Caminando Fronteras\",\"description\":\"Construyendo comunidad migrante\",\"publisher\":{\"@id\":\"https:\\\/\\\/caminandofronteras.org\\\/fr\\\/#organization\"},\"potentialAction\":[{\"@type\":\"SearchAction\",\"target\":{\"@type\":\"EntryPoint\",\"urlTemplate\":\"https:\\\/\\\/caminandofronteras.org\\\/fr\\\/?s={search_term_string}\"},\"query-input\":{\"@type\":\"PropertyValueSpecification\",\"valueRequired\":true,\"valueName\":\"search_term_string\"}}],\"inLanguage\":\"fr-FR\"},{\"@type\":\"Organization\",\"@id\":\"https:\\\/\\\/caminandofronteras.org\\\/fr\\\/#organization\",\"name\":\"Caminando Fronteras\",\"url\":\"https:\\\/\\\/caminandofronteras.org\\\/fr\\\/\",\"logo\":{\"@type\":\"ImageObject\",\"inLanguage\":\"fr-FR\",\"@id\":\"https:\\\/\\\/caminandofronteras.org\\\/fr\\\/#\\\/schema\\\/logo\\\/image\\\/\",\"url\":\"https:\\\/\\\/caminandofronteras.org\\\/wp-content\\\/uploads\\\/2020\\\/02\\\/cff-negro.svg\",\"contentUrl\":\"https:\\\/\\\/caminandofronteras.org\\\/wp-content\\\/uploads\\\/2020\\\/02\\\/cff-negro.svg\",\"width\":758,\"height\":320,\"caption\":\"Caminando Fronteras\"},\"image\":{\"@id\":\"https:\\\/\\\/caminandofronteras.org\\\/fr\\\/#\\\/schema\\\/logo\\\/image\\\/\"}},{\"@type\":\"Person\",\"@id\":\"https:\\\/\\\/caminandofronteras.org\\\/fr\\\/#\\\/schema\\\/person\\\/786f5ec010e54acf0c92a7a593b69e94\",\"name\":\"Erika Guilabert\",\"image\":{\"@type\":\"ImageObject\",\"inLanguage\":\"fr-FR\",\"@id\":\"https:\\\/\\\/secure.gravatar.com\\\/avatar\\\/0eeb202276da58402bcee7dc22982c4dc531daffe1ea80c41be16a7bcc58b483?s=96&d=mm&r=g\",\"url\":\"https:\\\/\\\/secure.gravatar.com\\\/avatar\\\/0eeb202276da58402bcee7dc22982c4dc531daffe1ea80c41be16a7bcc58b483?s=96&d=mm&r=g\",\"contentUrl\":\"https:\\\/\\\/secure.gravatar.com\\\/avatar\\\/0eeb202276da58402bcee7dc22982c4dc531daffe1ea80c41be16a7bcc58b483?s=96&d=mm&r=g\",\"caption\":\"Erika Guilabert\"},\"url\":\"https:\\\/\\\/caminandofronteras.org\\\/fr\\\/author\\\/erikaguilabert\\\/\"}]}<\/script>\n<!-- \/ Yoast SEO plugin. -->","yoast_head_json":{"title":"Caminando Fronteras d\u00e9nonce le racisme institutionnel \u00e0 l'\u00e9gard des migrants victimes apr\u00e8s le naufrage le plus tragique sur la route des Canaries - Caminando Fronteras","robots":{"index":"index","follow":"follow","max-snippet":"max-snippet:-1","max-image-preview":"max-image-preview:large","max-video-preview":"max-video-preview:-1"},"canonical":"https:\/\/caminandofronteras.org\/fr\/caminando-fronteras-denonce-le-racisme-institutionnel-a-legard-des-migrants-victimes-apres-le-naufrage-le-plus-tragique-sur-la-route-des-canaries\/","og_locale":"fr_FR","og_type":"article","og_title":"Caminando Fronteras d\u00e9nonce le racisme institutionnel \u00e0 l'\u00e9gard des migrants victimes apr\u00e8s le naufrage le plus tragique sur la route des Canaries - Caminando Fronteras","og_description":"Aux premi\u00e8res heures du samedi 28 septembre, Caminando Fronteras a re\u00e7u les premiers appels de proches nous alertant de la pr\u00e9sence d&rsquo;un cayuco \u00e0 la d\u00e9rive au large de la c\u00f4te d&rsquo;El Hierro. Selon les informations fournies par les survivants et les proches, le bateau avait quitt\u00e9 la Mauritanie avec 90 personnes \u00e0 bord, originaires ... Lire plus","og_url":"https:\/\/caminandofronteras.org\/fr\/caminando-fronteras-denonce-le-racisme-institutionnel-a-legard-des-migrants-victimes-apres-le-naufrage-le-plus-tragique-sur-la-route-des-canaries\/","og_site_name":"Caminando Fronteras","article_published_time":"2024-10-04T08:01:39+00:00","article_modified_time":"2024-10-04T08:01:41+00:00","og_image":[{"width":640,"height":426,"url":"https:\/\/caminandofronteras.org\/wp-content\/uploads\/2024\/10\/OBJ_20241001T182547S0012I_1_1_1_15_3_1.jpg","type":"image\/jpeg"}],"author":"Erika Guilabert","twitter_card":"summary_large_image","twitter_misc":{"\u00c9crit par":"Erika Guilabert","Dur\u00e9e de lecture estim\u00e9e":"4 minutes"},"schema":{"@context":"https:\/\/schema.org","@graph":[{"@type":"Article","@id":"https:\/\/caminandofronteras.org\/fr\/caminando-fronteras-denonce-le-racisme-institutionnel-a-legard-des-migrants-victimes-apres-le-naufrage-le-plus-tragique-sur-la-route-des-canaries\/#article","isPartOf":{"@id":"https:\/\/caminandofronteras.org\/fr\/caminando-fronteras-denonce-le-racisme-institutionnel-a-legard-des-migrants-victimes-apres-le-naufrage-le-plus-tragique-sur-la-route-des-canaries\/"},"author":{"name":"Erika Guilabert","@id":"https:\/\/caminandofronteras.org\/fr\/#\/schema\/person\/786f5ec010e54acf0c92a7a593b69e94"},"headline":"Caminando Fronteras d\u00e9nonce le racisme institutionnel \u00e0 l&rsquo;\u00e9gard des migrants victimes apr\u00e8s le naufrage le plus tragique sur la route des Canaries","datePublished":"2024-10-04T08:01:39+00:00","dateModified":"2024-10-04T08:01:41+00:00","mainEntityOfPage":{"@id":"https:\/\/caminandofronteras.org\/fr\/caminando-fronteras-denonce-le-racisme-institutionnel-a-legard-des-migrants-victimes-apres-le-naufrage-le-plus-tragique-sur-la-route-des-canaries\/"},"wordCount":736,"commentCount":0,"publisher":{"@id":"https:\/\/caminandofronteras.org\/fr\/#organization"},"image":{"@id":"https:\/\/caminandofronteras.org\/fr\/caminando-fronteras-denonce-le-racisme-institutionnel-a-legard-des-migrants-victimes-apres-le-naufrage-le-plus-tragique-sur-la-route-des-canaries\/#primaryimage"},"thumbnailUrl":"https:\/\/caminandofronteras.org\/wp-content\/uploads\/2024\/10\/OBJ_20241001T182547S0012I_1_1_1_15_3_1.jpg","keywords":["droit a la vie","frontera occidental euroafricana","ruta canaria"],"articleSection":["Actualit\u00e9"],"inLanguage":"fr-FR","potentialAction":[{"@type":"CommentAction","name":"Comment","target":["https:\/\/caminandofronteras.org\/fr\/caminando-fronteras-denonce-le-racisme-institutionnel-a-legard-des-migrants-victimes-apres-le-naufrage-le-plus-tragique-sur-la-route-des-canaries\/#respond"]}]},{"@type":"WebPage","@id":"https:\/\/caminandofronteras.org\/fr\/caminando-fronteras-denonce-le-racisme-institutionnel-a-legard-des-migrants-victimes-apres-le-naufrage-le-plus-tragique-sur-la-route-des-canaries\/","url":"https:\/\/caminandofronteras.org\/fr\/caminando-fronteras-denonce-le-racisme-institutionnel-a-legard-des-migrants-victimes-apres-le-naufrage-le-plus-tragique-sur-la-route-des-canaries\/","name":"Caminando Fronteras d\u00e9nonce le racisme institutionnel \u00e0 l'\u00e9gard des migrants victimes apr\u00e8s le naufrage le plus tragique sur la route des Canaries - Caminando Fronteras","isPartOf":{"@id":"https:\/\/caminandofronteras.org\/fr\/#website"},"primaryImageOfPage":{"@id":"https:\/\/caminandofronteras.org\/fr\/caminando-fronteras-denonce-le-racisme-institutionnel-a-legard-des-migrants-victimes-apres-le-naufrage-le-plus-tragique-sur-la-route-des-canaries\/#primaryimage"},"image":{"@id":"https:\/\/caminandofronteras.org\/fr\/caminando-fronteras-denonce-le-racisme-institutionnel-a-legard-des-migrants-victimes-apres-le-naufrage-le-plus-tragique-sur-la-route-des-canaries\/#primaryimage"},"thumbnailUrl":"https:\/\/caminandofronteras.org\/wp-content\/uploads\/2024\/10\/OBJ_20241001T182547S0012I_1_1_1_15_3_1.jpg","datePublished":"2024-10-04T08:01:39+00:00","dateModified":"2024-10-04T08:01:41+00:00","breadcrumb":{"@id":"https:\/\/caminandofronteras.org\/fr\/caminando-fronteras-denonce-le-racisme-institutionnel-a-legard-des-migrants-victimes-apres-le-naufrage-le-plus-tragique-sur-la-route-des-canaries\/#breadcrumb"},"inLanguage":"fr-FR","potentialAction":[{"@type":"ReadAction","target":["https:\/\/caminandofronteras.org\/fr\/caminando-fronteras-denonce-le-racisme-institutionnel-a-legard-des-migrants-victimes-apres-le-naufrage-le-plus-tragique-sur-la-route-des-canaries\/"]}]},{"@type":"ImageObject","inLanguage":"fr-FR","@id":"https:\/\/caminandofronteras.org\/fr\/caminando-fronteras-denonce-le-racisme-institutionnel-a-legard-des-migrants-victimes-apres-le-naufrage-le-plus-tragique-sur-la-route-des-canaries\/#primaryimage","url":"https:\/\/caminandofronteras.org\/wp-content\/uploads\/2024\/10\/OBJ_20241001T182547S0012I_1_1_1_15_3_1.jpg","contentUrl":"https:\/\/caminandofronteras.org\/wp-content\/uploads\/2024\/10\/OBJ_20241001T182547S0012I_1_1_1_15_3_1.jpg","width":640,"height":426,"caption":"LA FRONTERA (EL HIERRO), 10\/01\/2024.-Imagen de la inhumaci\u00f3n, en el cementerio municipal de La Frontera, en el Vale de El Golfo, de seis, de los nueve migrantes, cuyos cuerpos fueron recuperados tras el naufragio de un cayuco en aguas cercanas a la costa de El Hierro, la madrugada del pasado s\u00e1bado. EFE\/ Gelmert Finol"},{"@type":"BreadcrumbList","@id":"https:\/\/caminandofronteras.org\/fr\/caminando-fronteras-denonce-le-racisme-institutionnel-a-legard-des-migrants-victimes-apres-le-naufrage-le-plus-tragique-sur-la-route-des-canaries\/#breadcrumb","itemListElement":[{"@type":"ListItem","position":1,"name":"Portada","item":"https:\/\/caminandofronteras.org\/fr\/"},{"@type":"ListItem","position":2,"name":"Caminando Fronteras d\u00e9nonce le racisme institutionnel \u00e0 l&#8217;\u00e9gard des migrants victimes apr\u00e8s le naufrage le plus tragique sur la route des Canaries"}]},{"@type":"WebSite","@id":"https:\/\/caminandofronteras.org\/fr\/#website","url":"https:\/\/caminandofronteras.org\/fr\/","name":"Caminando Fronteras","description":"Construyendo comunidad migrante","publisher":{"@id":"https:\/\/caminandofronteras.org\/fr\/#organization"},"potentialAction":[{"@type":"SearchAction","target":{"@type":"EntryPoint","urlTemplate":"https:\/\/caminandofronteras.org\/fr\/?s={search_term_string}"},"query-input":{"@type":"PropertyValueSpecification","valueRequired":true,"valueName":"search_term_string"}}],"inLanguage":"fr-FR"},{"@type":"Organization","@id":"https:\/\/caminandofronteras.org\/fr\/#organization","name":"Caminando Fronteras","url":"https:\/\/caminandofronteras.org\/fr\/","logo":{"@type":"ImageObject","inLanguage":"fr-FR","@id":"https:\/\/caminandofronteras.org\/fr\/#\/schema\/logo\/image\/","url":"https:\/\/caminandofronteras.org\/wp-content\/uploads\/2020\/02\/cff-negro.svg","contentUrl":"https:\/\/caminandofronteras.org\/wp-content\/uploads\/2020\/02\/cff-negro.svg","width":758,"height":320,"caption":"Caminando Fronteras"},"image":{"@id":"https:\/\/caminandofronteras.org\/fr\/#\/schema\/logo\/image\/"}},{"@type":"Person","@id":"https:\/\/caminandofronteras.org\/fr\/#\/schema\/person\/786f5ec010e54acf0c92a7a593b69e94","name":"Erika Guilabert","image":{"@type":"ImageObject","inLanguage":"fr-FR","@id":"https:\/\/secure.gravatar.com\/avatar\/0eeb202276da58402bcee7dc22982c4dc531daffe1ea80c41be16a7bcc58b483?s=96&d=mm&r=g","url":"https:\/\/secure.gravatar.com\/avatar\/0eeb202276da58402bcee7dc22982c4dc531daffe1ea80c41be16a7bcc58b483?s=96&d=mm&r=g","contentUrl":"https:\/\/secure.gravatar.com\/avatar\/0eeb202276da58402bcee7dc22982c4dc531daffe1ea80c41be16a7bcc58b483?s=96&d=mm&r=g","caption":"Erika Guilabert"},"url":"https:\/\/caminandofronteras.org\/fr\/author\/erikaguilabert\/"}]}},"_links":{"self":[{"href":"https:\/\/caminandofronteras.org\/fr\/wp-json\/wp\/v2\/posts\/43234","targetHints":{"allow":["GET"]}}],"collection":[{"href":"https:\/\/caminandofronteras.org\/fr\/wp-json\/wp\/v2\/posts"}],"about":[{"href":"https:\/\/caminandofronteras.org\/fr\/wp-json\/wp\/v2\/types\/post"}],"author":[{"embeddable":true,"href":"https:\/\/caminandofronteras.org\/fr\/wp-json\/wp\/v2\/users\/9"}],"replies":[{"embeddable":true,"href":"https:\/\/caminandofronteras.org\/fr\/wp-json\/wp\/v2\/comments?post=43234"}],"version-history":[{"count":1,"href":"https:\/\/caminandofronteras.org\/fr\/wp-json\/wp\/v2\/posts\/43234\/revisions"}],"predecessor-version":[{"id":43235,"href":"https:\/\/caminandofronteras.org\/fr\/wp-json\/wp\/v2\/posts\/43234\/revisions\/43235"}],"wp:featuredmedia":[{"embeddable":true,"href":"https:\/\/caminandofronteras.org\/fr\/wp-json\/wp\/v2\/media\/43197"}],"wp:attachment":[{"href":"https:\/\/caminandofronteras.org\/fr\/wp-json\/wp\/v2\/media?parent=43234"}],"wp:term":[{"taxonomy":"category","embeddable":true,"href":"https:\/\/caminandofronteras.org\/fr\/wp-json\/wp\/v2\/categories?post=43234"},{"taxonomy":"post_tag","embeddable":true,"href":"https:\/\/caminandofronteras.org\/fr\/wp-json\/wp\/v2\/tags?post=43234"},{"taxonomy":"rutas","embeddable":true,"href":"https:\/\/caminandofronteras.org\/fr\/wp-json\/wp\/v2\/rutas?post=43234"}],"curies":[{"name":"wp","href":"https:\/\/api.w.org\/{rel}","templated":true}]}}