{"id":45246,"date":"2026-05-01T11:45:19","date_gmt":"2026-05-01T09:45:19","guid":{"rendered":"https:\/\/caminandofronteras.org\/?p=45246"},"modified":"2026-05-01T11:45:25","modified_gmt":"2026-05-01T09:45:25","slug":"une-tombe-sans-nom-a-formentera","status":"publish","type":"post","link":"https:\/\/caminandofronteras.org\/fr\/une-tombe-sans-nom-a-formentera\/","title":{"rendered":"Une tombe sans nom \u00e0 Formentera"},"content":{"rendered":"\n<p>Le 30 mars, le corps d&rsquo;une femme enceinte de cinq mois a \u00e9t\u00e9 retrouv\u00e9 sur la plage de <em>ses Canyes<\/em>, \u00e0 Formentera. Elle n&rsquo;avait pas de nom, mais sa famille, quelque part dans le monde, la cherche encore.<\/p>\n\n\n\n<p>Le 15 avril, elle a \u00e9t\u00e9 enterr\u00e9e. Et quelque chose d&rsquo;inhabituel s&rsquo;est produit ce jour-l\u00e0 : elle n&rsquo;\u00e9tait pas seule. Un groupe de personnes de l&rsquo;\u00eele est venu l&rsquo;accompagner dans son dernier adieu, aux c\u00f4t\u00e9s de repr\u00e9sentants de diff\u00e9rentes spiritualit\u00e9s et traditions religieuses. Le fossoyeur \u00e9tait \u00e9galement pr\u00e9sent, connu sur l&rsquo;\u00eele pour son engagement envers la dignit\u00e9 des victimes des naufrages, et qui, comme tant d&rsquo;autres fois, porte seul le poids d&rsquo;enterrer celles et ceux qui arrivent sans nom sur ces c\u00f4tes. Cette fois, il n&rsquo;a pas eu \u00e0 le faire dans la solitude. Avec cette femme, il a d\u00e9sormais enterr\u00e9 21 personnes migrantes non identifi\u00e9es. Sur chaque tombe, il inscrit la date \u00e0 laquelle le corps a \u00e9t\u00e9 retrouv\u00e9 : il n&rsquo;a pas de noms \u00e0 enregistrer, seulement des dates. Un geste simple et profond de m\u00e9moire, pour que si un jour une famille arrive \u00e0 la recherche de son \u00eatre cher, elle trouve au moins cela.<\/p>\n\n\n\n<p><\/p>\n\n\n<div class=\"wp-block-image\">\n<figure class=\"aligncenter size-large\"><img fetchpriority=\"high\" decoding=\"async\" width=\"1024\" height=\"576\" src=\"https:\/\/caminandofronteras.org\/wp-content\/uploads\/2026\/05\/signal-2026-04-30-140113-1024x576.jpeg\" alt=\"\" class=\"wp-image-45242\" srcset=\"https:\/\/caminandofronteras.org\/wp-content\/uploads\/2026\/05\/signal-2026-04-30-140113-1024x576.jpeg 1024w, https:\/\/caminandofronteras.org\/wp-content\/uploads\/2026\/05\/signal-2026-04-30-140113-300x169.jpeg 300w, https:\/\/caminandofronteras.org\/wp-content\/uploads\/2026\/05\/signal-2026-04-30-140113-768x432.jpeg 768w, https:\/\/caminandofronteras.org\/wp-content\/uploads\/2026\/05\/signal-2026-04-30-140113.jpeg 1280w\" sizes=\"(max-width: 1024px) 100vw, 1024px\" \/><\/figure>\n<\/div>\n\n\n<p><\/p>\n\n\n\n<p>Le cimeti\u00e8re de Formentera se remplit de tombes sans nom. Et ce n&rsquo;est pas une exception : c&rsquo;est la r\u00e9alit\u00e9 que connaissent depuis des ann\u00e9es d&rsquo;autres territoires frontaliers comme l&rsquo;Andalousie, les \u00celes Canaries, Ceuta, Melilla, Murcie ou Valence. Depuis 2025, les \u00celes Pityuses re\u00e7oivent des corps sur leurs c\u00f4tes presque chaque mois. Beaucoup d&rsquo;entre eux ne seront jamais identifi\u00e9s.<\/p>\n\n\n\n<p>La route vers les \u00celes Bal\u00e9ares s&rsquo;est impos\u00e9e comme le tron\u00e7on le plus dangereux de la M\u00e9diterran\u00e9e occidentale, ni\u00e9e et rendue invisible par les institutions pendant des ann\u00e9es. Une route qui pr\u00e9sente en outre une caract\u00e9ristique singuli\u00e8re : l&rsquo;arriv\u00e9e de personnes originaires de la Corne de l&rsquo;Afrique, principalement de Somalie, mais aussi du Soudan et du Soudan du Sud, faisant de l&rsquo;Alg\u00e9rie un pays de transit pour celles et ceux qui viennent d&rsquo;Afrique orientale, occidentale et du Sahel.<\/p>\n\n\n\n<p>Les autorit\u00e9s doivent se demander si ces naufrages auraient pu \u00eatre \u00e9vit\u00e9s et ouvrir des enqu\u00eates pour garantir le droit \u00e0 la vie en mer. Tant que cela n&rsquo;aura pas lieu, les cimeti\u00e8res continueront de se remplir de tombes sans nom, et les familles continueront d&rsquo;ignorer que c&rsquo;est ainsi que s&rsquo;est termin\u00e9e la vie de celles et ceux qu&rsquo;elles cherchent. Dans un contexte o\u00f9 les discours de haine cherchent \u00e0 effacer et \u00e0 invisibiliser les victimes des fronti\u00e8res, le fait que la soci\u00e9t\u00e9 civile s&rsquo;organise pour accompagner les morts est aussi un acte de r\u00e9sistance et de r\u00e9paration.<\/p>\n\n\n\n<p>Cette femme enceinte avait une vie, elle avait un nom, elle avait des personnes qui l&rsquo;aiment et qui la cherchent aujourd&rsquo;hui. En attendant, \u00e0 Formentera, une date inscrite sur une tombe dit que quelqu&rsquo;un \u00e9tait l\u00e0. Et qu&rsquo;elle n&rsquo;a pas \u00e9t\u00e9 invisible pour tout le monde.<\/p>\n","protected":false},"excerpt":{"rendered":"<p>Le 30 mars, le corps d&rsquo;une femme enceinte de cinq mois a \u00e9t\u00e9 retrouv\u00e9 sur la plage de ses Canyes, \u00e0 Formentera. Elle n&rsquo;avait pas de nom, mais sa famille, quelque part dans le monde, la cherche encore. Le 15 avril, elle a \u00e9t\u00e9 enterr\u00e9e. Et quelque chose d&rsquo;inhabituel s&rsquo;est produit ce jour-l\u00e0 : elle &#8230; <a title=\"Une tombe sans nom \u00e0 Formentera\" class=\"read-more\" href=\"https:\/\/caminandofronteras.org\/fr\/une-tombe-sans-nom-a-formentera\/\" aria-label=\"En savoir plus sur Une tombe sans nom \u00e0 Formentera\">Lire plus<\/a><\/p>\n","protected":false},"author":10,"featured_media":45242,"comment_status":"open","ping_status":"closed","sticky":false,"template":"","format":"standard","meta":{"_acf_changed":false,"_coblocks_attr":"","_coblocks_dimensions":"","_coblocks_responsive_height":"","_coblocks_accordion_ie_support":"","pgc_sgb_lightbox_settings":"","footnotes":""},"categories":[186],"tags":[270],"rutas":[],"class_list":["post-45246","post","type-post","status-publish","format-standard","has-post-thumbnail","hentry","category-actualite","tag-droit-a-la-vie"],"acf":[],"yoast_head":"<!-- This site is optimized with the Yoast SEO plugin v27.3 - https:\/\/yoast.com\/product\/yoast-seo-wordpress\/ -->\n<title>Une tombe sans nom \u00e0 Formentera - Caminando Fronteras<\/title>\n<meta name=\"robots\" content=\"index, follow, max-snippet:-1, max-image-preview:large, max-video-preview:-1\" \/>\n<link rel=\"canonical\" href=\"https:\/\/caminandofronteras.org\/fr\/une-tombe-sans-nom-a-formentera\/\" \/>\n<meta property=\"og:locale\" content=\"fr_FR\" \/>\n<meta property=\"og:type\" content=\"article\" \/>\n<meta property=\"og:title\" content=\"Une tombe sans nom \u00e0 Formentera - Caminando Fronteras\" \/>\n<meta property=\"og:description\" content=\"Le 30 mars, le corps d&rsquo;une femme enceinte de cinq mois a \u00e9t\u00e9 retrouv\u00e9 sur la plage de ses Canyes, \u00e0 Formentera. Elle n&rsquo;avait pas de nom, mais sa famille, quelque part dans le monde, la cherche encore. Le 15 avril, elle a \u00e9t\u00e9 enterr\u00e9e. Et quelque chose d&rsquo;inhabituel s&rsquo;est produit ce jour-l\u00e0 : elle ... Lire plus\" \/>\n<meta property=\"og:url\" content=\"https:\/\/caminandofronteras.org\/fr\/une-tombe-sans-nom-a-formentera\/\" \/>\n<meta property=\"og:site_name\" content=\"Caminando Fronteras\" \/>\n<meta property=\"article:published_time\" content=\"2026-05-01T09:45:19+00:00\" \/>\n<meta property=\"article:modified_time\" content=\"2026-05-01T09:45:25+00:00\" \/>\n<meta property=\"og:image\" content=\"https:\/\/caminandofronteras.org\/wp-content\/uploads\/2026\/05\/signal-2026-04-30-140113.jpeg\" \/>\n\t<meta property=\"og:image:width\" content=\"1280\" \/>\n\t<meta property=\"og:image:height\" content=\"720\" \/>\n\t<meta property=\"og:image:type\" content=\"image\/jpeg\" \/>\n<meta name=\"author\" content=\"Antonio Bonachera\" \/>\n<meta name=\"twitter:card\" content=\"summary_large_image\" \/>\n<meta name=\"twitter:label1\" content=\"\u00c9crit par\" \/>\n\t<meta name=\"twitter:data1\" content=\"Antonio Bonachera\" \/>\n\t<meta name=\"twitter:label2\" content=\"Dur\u00e9e de lecture estim\u00e9e\" \/>\n\t<meta name=\"twitter:data2\" content=\"3 minutes\" \/>\n<script type=\"application\/ld+json\" class=\"yoast-schema-graph\">{\"@context\":\"https:\\\/\\\/schema.org\",\"@graph\":[{\"@type\":\"Article\",\"@id\":\"https:\\\/\\\/caminandofronteras.org\\\/fr\\\/une-tombe-sans-nom-a-formentera\\\/#article\",\"isPartOf\":{\"@id\":\"https:\\\/\\\/caminandofronteras.org\\\/fr\\\/une-tombe-sans-nom-a-formentera\\\/\"},\"author\":{\"name\":\"Antonio Bonachera\",\"@id\":\"https:\\\/\\\/caminandofronteras.org\\\/fr\\\/#\\\/schema\\\/person\\\/1e1355ce84ac75b66927b7203d936f08\"},\"headline\":\"Une tombe sans nom \u00e0 Formentera\",\"datePublished\":\"2026-05-01T09:45:19+00:00\",\"dateModified\":\"2026-05-01T09:45:25+00:00\",\"mainEntityOfPage\":{\"@id\":\"https:\\\/\\\/caminandofronteras.org\\\/fr\\\/une-tombe-sans-nom-a-formentera\\\/\"},\"wordCount\":536,\"commentCount\":0,\"publisher\":{\"@id\":\"https:\\\/\\\/caminandofronteras.org\\\/fr\\\/#organization\"},\"image\":{\"@id\":\"https:\\\/\\\/caminandofronteras.org\\\/fr\\\/une-tombe-sans-nom-a-formentera\\\/#primaryimage\"},\"thumbnailUrl\":\"https:\\\/\\\/caminandofronteras.org\\\/wp-content\\\/uploads\\\/2026\\\/05\\\/signal-2026-04-30-140113.jpeg\",\"keywords\":[\"droit a la vie\"],\"articleSection\":[\"Actualit\u00e9\"],\"inLanguage\":\"fr-FR\",\"potentialAction\":[{\"@type\":\"CommentAction\",\"name\":\"Comment\",\"target\":[\"https:\\\/\\\/caminandofronteras.org\\\/fr\\\/une-tombe-sans-nom-a-formentera\\\/#respond\"]}]},{\"@type\":\"WebPage\",\"@id\":\"https:\\\/\\\/caminandofronteras.org\\\/fr\\\/une-tombe-sans-nom-a-formentera\\\/\",\"url\":\"https:\\\/\\\/caminandofronteras.org\\\/fr\\\/une-tombe-sans-nom-a-formentera\\\/\",\"name\":\"Une tombe sans nom \u00e0 Formentera - Caminando Fronteras\",\"isPartOf\":{\"@id\":\"https:\\\/\\\/caminandofronteras.org\\\/fr\\\/#website\"},\"primaryImageOfPage\":{\"@id\":\"https:\\\/\\\/caminandofronteras.org\\\/fr\\\/une-tombe-sans-nom-a-formentera\\\/#primaryimage\"},\"image\":{\"@id\":\"https:\\\/\\\/caminandofronteras.org\\\/fr\\\/une-tombe-sans-nom-a-formentera\\\/#primaryimage\"},\"thumbnailUrl\":\"https:\\\/\\\/caminandofronteras.org\\\/wp-content\\\/uploads\\\/2026\\\/05\\\/signal-2026-04-30-140113.jpeg\",\"datePublished\":\"2026-05-01T09:45:19+00:00\",\"dateModified\":\"2026-05-01T09:45:25+00:00\",\"breadcrumb\":{\"@id\":\"https:\\\/\\\/caminandofronteras.org\\\/fr\\\/une-tombe-sans-nom-a-formentera\\\/#breadcrumb\"},\"inLanguage\":\"fr-FR\",\"potentialAction\":[{\"@type\":\"ReadAction\",\"target\":[\"https:\\\/\\\/caminandofronteras.org\\\/fr\\\/une-tombe-sans-nom-a-formentera\\\/\"]}]},{\"@type\":\"ImageObject\",\"inLanguage\":\"fr-FR\",\"@id\":\"https:\\\/\\\/caminandofronteras.org\\\/fr\\\/une-tombe-sans-nom-a-formentera\\\/#primaryimage\",\"url\":\"https:\\\/\\\/caminandofronteras.org\\\/wp-content\\\/uploads\\\/2026\\\/05\\\/signal-2026-04-30-140113.jpeg\",\"contentUrl\":\"https:\\\/\\\/caminandofronteras.org\\\/wp-content\\\/uploads\\\/2026\\\/05\\\/signal-2026-04-30-140113.jpeg\",\"width\":1280,\"height\":720},{\"@type\":\"BreadcrumbList\",\"@id\":\"https:\\\/\\\/caminandofronteras.org\\\/fr\\\/une-tombe-sans-nom-a-formentera\\\/#breadcrumb\",\"itemListElement\":[{\"@type\":\"ListItem\",\"position\":1,\"name\":\"Portada\",\"item\":\"https:\\\/\\\/caminandofronteras.org\\\/fr\\\/\"},{\"@type\":\"ListItem\",\"position\":2,\"name\":\"Une tombe sans nom \u00e0 Formentera\"}]},{\"@type\":\"WebSite\",\"@id\":\"https:\\\/\\\/caminandofronteras.org\\\/fr\\\/#website\",\"url\":\"https:\\\/\\\/caminandofronteras.org\\\/fr\\\/\",\"name\":\"Caminando Fronteras\",\"description\":\"Construyendo comunidad migrante\",\"publisher\":{\"@id\":\"https:\\\/\\\/caminandofronteras.org\\\/fr\\\/#organization\"},\"potentialAction\":[{\"@type\":\"SearchAction\",\"target\":{\"@type\":\"EntryPoint\",\"urlTemplate\":\"https:\\\/\\\/caminandofronteras.org\\\/fr\\\/?s={search_term_string}\"},\"query-input\":{\"@type\":\"PropertyValueSpecification\",\"valueRequired\":true,\"valueName\":\"search_term_string\"}}],\"inLanguage\":\"fr-FR\"},{\"@type\":\"Organization\",\"@id\":\"https:\\\/\\\/caminandofronteras.org\\\/fr\\\/#organization\",\"name\":\"Caminando Fronteras\",\"url\":\"https:\\\/\\\/caminandofronteras.org\\\/fr\\\/\",\"logo\":{\"@type\":\"ImageObject\",\"inLanguage\":\"fr-FR\",\"@id\":\"https:\\\/\\\/caminandofronteras.org\\\/fr\\\/#\\\/schema\\\/logo\\\/image\\\/\",\"url\":\"https:\\\/\\\/caminandofronteras.org\\\/wp-content\\\/uploads\\\/2020\\\/02\\\/cff-negro.svg\",\"contentUrl\":\"https:\\\/\\\/caminandofronteras.org\\\/wp-content\\\/uploads\\\/2020\\\/02\\\/cff-negro.svg\",\"width\":758,\"height\":320,\"caption\":\"Caminando Fronteras\"},\"image\":{\"@id\":\"https:\\\/\\\/caminandofronteras.org\\\/fr\\\/#\\\/schema\\\/logo\\\/image\\\/\"}},{\"@type\":\"Person\",\"@id\":\"https:\\\/\\\/caminandofronteras.org\\\/fr\\\/#\\\/schema\\\/person\\\/1e1355ce84ac75b66927b7203d936f08\",\"name\":\"Antonio Bonachera\",\"image\":{\"@type\":\"ImageObject\",\"inLanguage\":\"fr-FR\",\"@id\":\"https:\\\/\\\/secure.gravatar.com\\\/avatar\\\/7be84db1ddca4ff92eec73e4831aef8471fb0d8de904bde2493f15d09a4da760?s=96&d=mm&r=g\",\"url\":\"https:\\\/\\\/secure.gravatar.com\\\/avatar\\\/7be84db1ddca4ff92eec73e4831aef8471fb0d8de904bde2493f15d09a4da760?s=96&d=mm&r=g\",\"contentUrl\":\"https:\\\/\\\/secure.gravatar.com\\\/avatar\\\/7be84db1ddca4ff92eec73e4831aef8471fb0d8de904bde2493f15d09a4da760?s=96&d=mm&r=g\",\"caption\":\"Antonio Bonachera\"},\"url\":\"https:\\\/\\\/caminandofronteras.org\\\/fr\\\/author\\\/antoniobonachera\\\/\"}]}<\/script>\n<!-- \/ Yoast SEO plugin. -->","yoast_head_json":{"title":"Une tombe sans nom \u00e0 Formentera - Caminando Fronteras","robots":{"index":"index","follow":"follow","max-snippet":"max-snippet:-1","max-image-preview":"max-image-preview:large","max-video-preview":"max-video-preview:-1"},"canonical":"https:\/\/caminandofronteras.org\/fr\/une-tombe-sans-nom-a-formentera\/","og_locale":"fr_FR","og_type":"article","og_title":"Une tombe sans nom \u00e0 Formentera - Caminando Fronteras","og_description":"Le 30 mars, le corps d&rsquo;une femme enceinte de cinq mois a \u00e9t\u00e9 retrouv\u00e9 sur la plage de ses Canyes, \u00e0 Formentera. Elle n&rsquo;avait pas de nom, mais sa famille, quelque part dans le monde, la cherche encore. Le 15 avril, elle a \u00e9t\u00e9 enterr\u00e9e. Et quelque chose d&rsquo;inhabituel s&rsquo;est produit ce jour-l\u00e0 : elle ... Lire plus","og_url":"https:\/\/caminandofronteras.org\/fr\/une-tombe-sans-nom-a-formentera\/","og_site_name":"Caminando Fronteras","article_published_time":"2026-05-01T09:45:19+00:00","article_modified_time":"2026-05-01T09:45:25+00:00","og_image":[{"width":1280,"height":720,"url":"https:\/\/caminandofronteras.org\/wp-content\/uploads\/2026\/05\/signal-2026-04-30-140113.jpeg","type":"image\/jpeg"}],"author":"Antonio Bonachera","twitter_card":"summary_large_image","twitter_misc":{"\u00c9crit par":"Antonio Bonachera","Dur\u00e9e de lecture estim\u00e9e":"3 minutes"},"schema":{"@context":"https:\/\/schema.org","@graph":[{"@type":"Article","@id":"https:\/\/caminandofronteras.org\/fr\/une-tombe-sans-nom-a-formentera\/#article","isPartOf":{"@id":"https:\/\/caminandofronteras.org\/fr\/une-tombe-sans-nom-a-formentera\/"},"author":{"name":"Antonio Bonachera","@id":"https:\/\/caminandofronteras.org\/fr\/#\/schema\/person\/1e1355ce84ac75b66927b7203d936f08"},"headline":"Une tombe sans nom \u00e0 Formentera","datePublished":"2026-05-01T09:45:19+00:00","dateModified":"2026-05-01T09:45:25+00:00","mainEntityOfPage":{"@id":"https:\/\/caminandofronteras.org\/fr\/une-tombe-sans-nom-a-formentera\/"},"wordCount":536,"commentCount":0,"publisher":{"@id":"https:\/\/caminandofronteras.org\/fr\/#organization"},"image":{"@id":"https:\/\/caminandofronteras.org\/fr\/une-tombe-sans-nom-a-formentera\/#primaryimage"},"thumbnailUrl":"https:\/\/caminandofronteras.org\/wp-content\/uploads\/2026\/05\/signal-2026-04-30-140113.jpeg","keywords":["droit a la vie"],"articleSection":["Actualit\u00e9"],"inLanguage":"fr-FR","potentialAction":[{"@type":"CommentAction","name":"Comment","target":["https:\/\/caminandofronteras.org\/fr\/une-tombe-sans-nom-a-formentera\/#respond"]}]},{"@type":"WebPage","@id":"https:\/\/caminandofronteras.org\/fr\/une-tombe-sans-nom-a-formentera\/","url":"https:\/\/caminandofronteras.org\/fr\/une-tombe-sans-nom-a-formentera\/","name":"Une tombe sans nom \u00e0 Formentera - Caminando Fronteras","isPartOf":{"@id":"https:\/\/caminandofronteras.org\/fr\/#website"},"primaryImageOfPage":{"@id":"https:\/\/caminandofronteras.org\/fr\/une-tombe-sans-nom-a-formentera\/#primaryimage"},"image":{"@id":"https:\/\/caminandofronteras.org\/fr\/une-tombe-sans-nom-a-formentera\/#primaryimage"},"thumbnailUrl":"https:\/\/caminandofronteras.org\/wp-content\/uploads\/2026\/05\/signal-2026-04-30-140113.jpeg","datePublished":"2026-05-01T09:45:19+00:00","dateModified":"2026-05-01T09:45:25+00:00","breadcrumb":{"@id":"https:\/\/caminandofronteras.org\/fr\/une-tombe-sans-nom-a-formentera\/#breadcrumb"},"inLanguage":"fr-FR","potentialAction":[{"@type":"ReadAction","target":["https:\/\/caminandofronteras.org\/fr\/une-tombe-sans-nom-a-formentera\/"]}]},{"@type":"ImageObject","inLanguage":"fr-FR","@id":"https:\/\/caminandofronteras.org\/fr\/une-tombe-sans-nom-a-formentera\/#primaryimage","url":"https:\/\/caminandofronteras.org\/wp-content\/uploads\/2026\/05\/signal-2026-04-30-140113.jpeg","contentUrl":"https:\/\/caminandofronteras.org\/wp-content\/uploads\/2026\/05\/signal-2026-04-30-140113.jpeg","width":1280,"height":720},{"@type":"BreadcrumbList","@id":"https:\/\/caminandofronteras.org\/fr\/une-tombe-sans-nom-a-formentera\/#breadcrumb","itemListElement":[{"@type":"ListItem","position":1,"name":"Portada","item":"https:\/\/caminandofronteras.org\/fr\/"},{"@type":"ListItem","position":2,"name":"Une tombe sans nom \u00e0 Formentera"}]},{"@type":"WebSite","@id":"https:\/\/caminandofronteras.org\/fr\/#website","url":"https:\/\/caminandofronteras.org\/fr\/","name":"Caminando Fronteras","description":"Construyendo comunidad migrante","publisher":{"@id":"https:\/\/caminandofronteras.org\/fr\/#organization"},"potentialAction":[{"@type":"SearchAction","target":{"@type":"EntryPoint","urlTemplate":"https:\/\/caminandofronteras.org\/fr\/?s={search_term_string}"},"query-input":{"@type":"PropertyValueSpecification","valueRequired":true,"valueName":"search_term_string"}}],"inLanguage":"fr-FR"},{"@type":"Organization","@id":"https:\/\/caminandofronteras.org\/fr\/#organization","name":"Caminando Fronteras","url":"https:\/\/caminandofronteras.org\/fr\/","logo":{"@type":"ImageObject","inLanguage":"fr-FR","@id":"https:\/\/caminandofronteras.org\/fr\/#\/schema\/logo\/image\/","url":"https:\/\/caminandofronteras.org\/wp-content\/uploads\/2020\/02\/cff-negro.svg","contentUrl":"https:\/\/caminandofronteras.org\/wp-content\/uploads\/2020\/02\/cff-negro.svg","width":758,"height":320,"caption":"Caminando Fronteras"},"image":{"@id":"https:\/\/caminandofronteras.org\/fr\/#\/schema\/logo\/image\/"}},{"@type":"Person","@id":"https:\/\/caminandofronteras.org\/fr\/#\/schema\/person\/1e1355ce84ac75b66927b7203d936f08","name":"Antonio Bonachera","image":{"@type":"ImageObject","inLanguage":"fr-FR","@id":"https:\/\/secure.gravatar.com\/avatar\/7be84db1ddca4ff92eec73e4831aef8471fb0d8de904bde2493f15d09a4da760?s=96&d=mm&r=g","url":"https:\/\/secure.gravatar.com\/avatar\/7be84db1ddca4ff92eec73e4831aef8471fb0d8de904bde2493f15d09a4da760?s=96&d=mm&r=g","contentUrl":"https:\/\/secure.gravatar.com\/avatar\/7be84db1ddca4ff92eec73e4831aef8471fb0d8de904bde2493f15d09a4da760?s=96&d=mm&r=g","caption":"Antonio Bonachera"},"url":"https:\/\/caminandofronteras.org\/fr\/author\/antoniobonachera\/"}]}},"_links":{"self":[{"href":"https:\/\/caminandofronteras.org\/fr\/wp-json\/wp\/v2\/posts\/45246","targetHints":{"allow":["GET"]}}],"collection":[{"href":"https:\/\/caminandofronteras.org\/fr\/wp-json\/wp\/v2\/posts"}],"about":[{"href":"https:\/\/caminandofronteras.org\/fr\/wp-json\/wp\/v2\/types\/post"}],"author":[{"embeddable":true,"href":"https:\/\/caminandofronteras.org\/fr\/wp-json\/wp\/v2\/users\/10"}],"replies":[{"embeddable":true,"href":"https:\/\/caminandofronteras.org\/fr\/wp-json\/wp\/v2\/comments?post=45246"}],"version-history":[{"count":1,"href":"https:\/\/caminandofronteras.org\/fr\/wp-json\/wp\/v2\/posts\/45246\/revisions"}],"predecessor-version":[{"id":45247,"href":"https:\/\/caminandofronteras.org\/fr\/wp-json\/wp\/v2\/posts\/45246\/revisions\/45247"}],"wp:featuredmedia":[{"embeddable":true,"href":"https:\/\/caminandofronteras.org\/fr\/wp-json\/wp\/v2\/media\/45242"}],"wp:attachment":[{"href":"https:\/\/caminandofronteras.org\/fr\/wp-json\/wp\/v2\/media?parent=45246"}],"wp:term":[{"taxonomy":"category","embeddable":true,"href":"https:\/\/caminandofronteras.org\/fr\/wp-json\/wp\/v2\/categories?post=45246"},{"taxonomy":"post_tag","embeddable":true,"href":"https:\/\/caminandofronteras.org\/fr\/wp-json\/wp\/v2\/tags?post=45246"},{"taxonomy":"rutas","embeddable":true,"href":"https:\/\/caminandofronteras.org\/fr\/wp-json\/wp\/v2\/rutas?post=45246"}],"curies":[{"name":"wp","href":"https:\/\/api.w.org\/{rel}","templated":true}]}}