{"id":6712,"date":"2020-10-14T22:29:06","date_gmt":"2020-10-14T21:29:06","guid":{"rendered":"https:\/\/caminandofronteras.org\/?p=6712"},"modified":"2020-12-13T21:23:30","modified_gmt":"2020-12-13T20:23:30","slug":"victoria-columba-vicky-canalla","status":"publish","type":"post","link":"https:\/\/caminandofronteras.org\/fr\/victoria-columba-vicky-canalla\/","title":{"rendered":"VICTORIA COLUMBA (VICKY CANALLA)"},"content":{"rendered":"\n<p>D&rsquo;origine argentine, Vicky est n\u00e9e dans une famille de Rosario qui a v\u00e9cu la r\u00e9pression de la dictature de Videla. Apr\u00e8s avoir v\u00e9cu \u00e0 Buenos Aires, \u00e9tudi\u00e9 le droit puis le th\u00e9\u00e2tre, elle s&rsquo;est install\u00e9e \u00e0 Barcelone o\u00f9 elle a commenc\u00e9 \u00e0 d\u00e9fendre les droits des immigr\u00e9s.<\/p>\n\n\n\n<p>En 2011, dans l\u2019\u00e9lan du 15M, les migrants ont rejoint les mouvements anti-r\u00e9pression. Suite aux nombreux d\u00e9c\u00e8s survenus dans les centres d&rsquo;internement des \u00e9trangers comme celui d\u2019Idrissa Diallo en 2012 et d\u2019Alik Manukyan en 2013, des actions et des campagnes ont \u00e9t\u00e9 organis\u00e9es afin d\u2019obtenir leur fermeture d\u00e9finitive. Un contexte conflictuel qui, face aux violences polici\u00e8res, a conduit Vicky et ses compagnons \u00e0 fonder le collectif Tras La Manta, en soutien aux vendeurs ambulants appel\u00e9s \u201cmanteros\u201d.<\/p>\n\n\n\n<p>Plus tard, elle a particip\u00e9 au dernier enfermement volontaire de migrants organis\u00e9 par l&rsquo;Assembl\u00e9e antiraciste de Barcelone, collaborant \u00e9galement aux luttes de quartier contre les expulsions et la sp\u00e9culation immobili\u00e8re et touristique.<\/p>\n\n\n\n<p>Actuellement, elle est tr\u00e8s active au sein du mouvement #Regularizaci\u00f3nYA r\u00e9clamant la r\u00e9gularisation permanente et sans conditions des migrants en situation administrative irr\u00e9guli\u00e8re en Espagne dans un contexte de pand\u00e9mie du COVID19.<\/p>\n","protected":false},"excerpt":{"rendered":"<p>D&rsquo;origine argentine, Vicky est n\u00e9e dans une famille de Rosario qui a v\u00e9cu la r\u00e9pression de la dictature de Videla. Apr\u00e8s avoir v\u00e9cu \u00e0 Buenos Aires, \u00e9tudi\u00e9 le droit puis le th\u00e9\u00e2tre, elle s&rsquo;est install\u00e9e \u00e0 Barcelone o\u00f9 elle a commenc\u00e9 \u00e0 d\u00e9fendre les droits des immigr\u00e9s. En 2011, dans l\u2019\u00e9lan du 15M, les migrants &#8230; <a title=\"VICTORIA COLUMBA (VICKY CANALLA)\" class=\"read-more\" href=\"https:\/\/caminandofronteras.org\/fr\/victoria-columba-vicky-canalla\/\" aria-label=\"En savoir plus sur VICTORIA COLUMBA (VICKY CANALLA)\">Lire plus<\/a><\/p>\n","protected":false},"author":2,"featured_media":6291,"comment_status":"open","ping_status":"closed","sticky":false,"template":"","format":"standard","meta":{"_acf_changed":false,"_coblocks_attr":"","_coblocks_dimensions":"","_coblocks_responsive_height":"","_coblocks_accordion_ie_support":"","pgc_sgb_lightbox_settings":"","footnotes":""},"categories":[204],"tags":[],"rutas":[],"class_list":["post-6712","post","type-post","status-publish","format-standard","has-post-thumbnail","hentry","category-defenseures"],"acf":[],"yoast_head":"<!-- This site is optimized with the Yoast SEO plugin v27.3 - https:\/\/yoast.com\/product\/yoast-seo-wordpress\/ -->\n<title>VICTORIA COLUMBA (VICKY CANALLA) - Caminando Fronteras<\/title>\n<meta name=\"robots\" content=\"index, follow, max-snippet:-1, max-image-preview:large, max-video-preview:-1\" \/>\n<link rel=\"canonical\" href=\"https:\/\/caminandofronteras.org\/fr\/victoria-columba-vicky-canalla\/\" \/>\n<meta property=\"og:locale\" content=\"fr_FR\" \/>\n<meta property=\"og:type\" content=\"article\" \/>\n<meta property=\"og:title\" content=\"VICTORIA COLUMBA (VICKY CANALLA) - Caminando Fronteras\" \/>\n<meta property=\"og:description\" content=\"D&rsquo;origine argentine, Vicky est n\u00e9e dans une famille de Rosario qui a v\u00e9cu la r\u00e9pression de la dictature de Videla. Apr\u00e8s avoir v\u00e9cu \u00e0 Buenos Aires, \u00e9tudi\u00e9 le droit puis le th\u00e9\u00e2tre, elle s&rsquo;est install\u00e9e \u00e0 Barcelone o\u00f9 elle a commenc\u00e9 \u00e0 d\u00e9fendre les droits des immigr\u00e9s. En 2011, dans l\u2019\u00e9lan du 15M, les migrants ... Lire plus\" \/>\n<meta property=\"og:url\" content=\"https:\/\/caminandofronteras.org\/fr\/victoria-columba-vicky-canalla\/\" \/>\n<meta property=\"og:site_name\" content=\"Caminando Fronteras\" \/>\n<meta property=\"article:published_time\" content=\"2020-10-14T21:29:06+00:00\" \/>\n<meta property=\"article:modified_time\" content=\"2020-12-13T20:23:30+00:00\" \/>\n<meta property=\"og:image\" content=\"https:\/\/caminandofronteras.org\/wp-content\/uploads\/2020\/09\/Victoria-Columba.png\" \/>\n\t<meta property=\"og:image:width\" content=\"556\" \/>\n\t<meta property=\"og:image:height\" content=\"556\" \/>\n\t<meta property=\"og:image:type\" content=\"image\/png\" \/>\n<meta name=\"author\" content=\"caminandofronteras\" \/>\n<meta name=\"twitter:card\" content=\"summary_large_image\" \/>\n<meta name=\"twitter:label1\" content=\"\u00c9crit par\" \/>\n\t<meta name=\"twitter:data1\" content=\"caminandofronteras\" \/>\n\t<meta name=\"twitter:label2\" content=\"Dur\u00e9e de lecture estim\u00e9e\" \/>\n\t<meta name=\"twitter:data2\" content=\"1 minute\" \/>\n<script type=\"application\/ld+json\" class=\"yoast-schema-graph\">{\"@context\":\"https:\\\/\\\/schema.org\",\"@graph\":[{\"@type\":\"Article\",\"@id\":\"https:\\\/\\\/caminandofronteras.org\\\/fr\\\/victoria-columba-vicky-canalla\\\/#article\",\"isPartOf\":{\"@id\":\"https:\\\/\\\/caminandofronteras.org\\\/fr\\\/victoria-columba-vicky-canalla\\\/\"},\"author\":{\"name\":\"caminandofronteras\",\"@id\":\"https:\\\/\\\/caminandofronteras.org\\\/fr\\\/#\\\/schema\\\/person\\\/6ea0a6362faf30cb0554cd3735263693\"},\"headline\":\"VICTORIA COLUMBA (VICKY CANALLA)\",\"datePublished\":\"2020-10-14T21:29:06+00:00\",\"dateModified\":\"2020-12-13T20:23:30+00:00\",\"mainEntityOfPage\":{\"@id\":\"https:\\\/\\\/caminandofronteras.org\\\/fr\\\/victoria-columba-vicky-canalla\\\/\"},\"wordCount\":218,\"commentCount\":0,\"publisher\":{\"@id\":\"https:\\\/\\\/caminandofronteras.org\\\/fr\\\/#organization\"},\"image\":{\"@id\":\"https:\\\/\\\/caminandofronteras.org\\\/fr\\\/victoria-columba-vicky-canalla\\\/#primaryimage\"},\"thumbnailUrl\":\"https:\\\/\\\/caminandofronteras.org\\\/wp-content\\\/uploads\\\/2020\\\/09\\\/Victoria-Columba.png\",\"articleSection\":[\"D\u00e9fenseures\"],\"inLanguage\":\"fr-FR\",\"potentialAction\":[{\"@type\":\"CommentAction\",\"name\":\"Comment\",\"target\":[\"https:\\\/\\\/caminandofronteras.org\\\/fr\\\/victoria-columba-vicky-canalla\\\/#respond\"]}]},{\"@type\":\"WebPage\",\"@id\":\"https:\\\/\\\/caminandofronteras.org\\\/fr\\\/victoria-columba-vicky-canalla\\\/\",\"url\":\"https:\\\/\\\/caminandofronteras.org\\\/fr\\\/victoria-columba-vicky-canalla\\\/\",\"name\":\"VICTORIA COLUMBA (VICKY CANALLA) - Caminando Fronteras\",\"isPartOf\":{\"@id\":\"https:\\\/\\\/caminandofronteras.org\\\/fr\\\/#website\"},\"primaryImageOfPage\":{\"@id\":\"https:\\\/\\\/caminandofronteras.org\\\/fr\\\/victoria-columba-vicky-canalla\\\/#primaryimage\"},\"image\":{\"@id\":\"https:\\\/\\\/caminandofronteras.org\\\/fr\\\/victoria-columba-vicky-canalla\\\/#primaryimage\"},\"thumbnailUrl\":\"https:\\\/\\\/caminandofronteras.org\\\/wp-content\\\/uploads\\\/2020\\\/09\\\/Victoria-Columba.png\",\"datePublished\":\"2020-10-14T21:29:06+00:00\",\"dateModified\":\"2020-12-13T20:23:30+00:00\",\"breadcrumb\":{\"@id\":\"https:\\\/\\\/caminandofronteras.org\\\/fr\\\/victoria-columba-vicky-canalla\\\/#breadcrumb\"},\"inLanguage\":\"fr-FR\",\"potentialAction\":[{\"@type\":\"ReadAction\",\"target\":[\"https:\\\/\\\/caminandofronteras.org\\\/fr\\\/victoria-columba-vicky-canalla\\\/\"]}]},{\"@type\":\"ImageObject\",\"inLanguage\":\"fr-FR\",\"@id\":\"https:\\\/\\\/caminandofronteras.org\\\/fr\\\/victoria-columba-vicky-canalla\\\/#primaryimage\",\"url\":\"https:\\\/\\\/caminandofronteras.org\\\/wp-content\\\/uploads\\\/2020\\\/09\\\/Victoria-Columba.png\",\"contentUrl\":\"https:\\\/\\\/caminandofronteras.org\\\/wp-content\\\/uploads\\\/2020\\\/09\\\/Victoria-Columba.png\",\"width\":556,\"height\":556},{\"@type\":\"BreadcrumbList\",\"@id\":\"https:\\\/\\\/caminandofronteras.org\\\/fr\\\/victoria-columba-vicky-canalla\\\/#breadcrumb\",\"itemListElement\":[{\"@type\":\"ListItem\",\"position\":1,\"name\":\"Portada\",\"item\":\"https:\\\/\\\/caminandofronteras.org\\\/fr\\\/\"},{\"@type\":\"ListItem\",\"position\":2,\"name\":\"VICTORIA COLUMBA (VICKY CANALLA)\"}]},{\"@type\":\"WebSite\",\"@id\":\"https:\\\/\\\/caminandofronteras.org\\\/fr\\\/#website\",\"url\":\"https:\\\/\\\/caminandofronteras.org\\\/fr\\\/\",\"name\":\"Caminando Fronteras\",\"description\":\"Construyendo comunidad migrante\",\"publisher\":{\"@id\":\"https:\\\/\\\/caminandofronteras.org\\\/fr\\\/#organization\"},\"potentialAction\":[{\"@type\":\"SearchAction\",\"target\":{\"@type\":\"EntryPoint\",\"urlTemplate\":\"https:\\\/\\\/caminandofronteras.org\\\/fr\\\/?s={search_term_string}\"},\"query-input\":{\"@type\":\"PropertyValueSpecification\",\"valueRequired\":true,\"valueName\":\"search_term_string\"}}],\"inLanguage\":\"fr-FR\"},{\"@type\":\"Organization\",\"@id\":\"https:\\\/\\\/caminandofronteras.org\\\/fr\\\/#organization\",\"name\":\"Caminando Fronteras\",\"url\":\"https:\\\/\\\/caminandofronteras.org\\\/fr\\\/\",\"logo\":{\"@type\":\"ImageObject\",\"inLanguage\":\"fr-FR\",\"@id\":\"https:\\\/\\\/caminandofronteras.org\\\/fr\\\/#\\\/schema\\\/logo\\\/image\\\/\",\"url\":\"https:\\\/\\\/caminandofronteras.org\\\/wp-content\\\/uploads\\\/2020\\\/02\\\/cff-negro.svg\",\"contentUrl\":\"https:\\\/\\\/caminandofronteras.org\\\/wp-content\\\/uploads\\\/2020\\\/02\\\/cff-negro.svg\",\"width\":758,\"height\":320,\"caption\":\"Caminando Fronteras\"},\"image\":{\"@id\":\"https:\\\/\\\/caminandofronteras.org\\\/fr\\\/#\\\/schema\\\/logo\\\/image\\\/\"}},{\"@type\":\"Person\",\"@id\":\"https:\\\/\\\/caminandofronteras.org\\\/fr\\\/#\\\/schema\\\/person\\\/6ea0a6362faf30cb0554cd3735263693\",\"name\":\"caminandofronteras\",\"image\":{\"@type\":\"ImageObject\",\"inLanguage\":\"fr-FR\",\"@id\":\"https:\\\/\\\/secure.gravatar.com\\\/avatar\\\/3fc4ed8a5b9cbb04cf92bc2961f1b72cf3dd5182452b059b88f53d9f29fe677f?s=96&d=mm&r=g\",\"url\":\"https:\\\/\\\/secure.gravatar.com\\\/avatar\\\/3fc4ed8a5b9cbb04cf92bc2961f1b72cf3dd5182452b059b88f53d9f29fe677f?s=96&d=mm&r=g\",\"contentUrl\":\"https:\\\/\\\/secure.gravatar.com\\\/avatar\\\/3fc4ed8a5b9cbb04cf92bc2961f1b72cf3dd5182452b059b88f53d9f29fe677f?s=96&d=mm&r=g\",\"caption\":\"caminandofronteras\"},\"url\":\"https:\\\/\\\/caminandofronteras.org\\\/fr\\\/author\\\/caminandofronteras\\\/\"}]}<\/script>\n<!-- \/ Yoast SEO plugin. -->","yoast_head_json":{"title":"VICTORIA COLUMBA (VICKY CANALLA) - Caminando Fronteras","robots":{"index":"index","follow":"follow","max-snippet":"max-snippet:-1","max-image-preview":"max-image-preview:large","max-video-preview":"max-video-preview:-1"},"canonical":"https:\/\/caminandofronteras.org\/fr\/victoria-columba-vicky-canalla\/","og_locale":"fr_FR","og_type":"article","og_title":"VICTORIA COLUMBA (VICKY CANALLA) - Caminando Fronteras","og_description":"D&rsquo;origine argentine, Vicky est n\u00e9e dans une famille de Rosario qui a v\u00e9cu la r\u00e9pression de la dictature de Videla. Apr\u00e8s avoir v\u00e9cu \u00e0 Buenos Aires, \u00e9tudi\u00e9 le droit puis le th\u00e9\u00e2tre, elle s&rsquo;est install\u00e9e \u00e0 Barcelone o\u00f9 elle a commenc\u00e9 \u00e0 d\u00e9fendre les droits des immigr\u00e9s. En 2011, dans l\u2019\u00e9lan du 15M, les migrants ... Lire plus","og_url":"https:\/\/caminandofronteras.org\/fr\/victoria-columba-vicky-canalla\/","og_site_name":"Caminando Fronteras","article_published_time":"2020-10-14T21:29:06+00:00","article_modified_time":"2020-12-13T20:23:30+00:00","og_image":[{"width":556,"height":556,"url":"https:\/\/caminandofronteras.org\/wp-content\/uploads\/2020\/09\/Victoria-Columba.png","type":"image\/png"}],"author":"caminandofronteras","twitter_card":"summary_large_image","twitter_misc":{"\u00c9crit par":"caminandofronteras","Dur\u00e9e de lecture estim\u00e9e":"1 minute"},"schema":{"@context":"https:\/\/schema.org","@graph":[{"@type":"Article","@id":"https:\/\/caminandofronteras.org\/fr\/victoria-columba-vicky-canalla\/#article","isPartOf":{"@id":"https:\/\/caminandofronteras.org\/fr\/victoria-columba-vicky-canalla\/"},"author":{"name":"caminandofronteras","@id":"https:\/\/caminandofronteras.org\/fr\/#\/schema\/person\/6ea0a6362faf30cb0554cd3735263693"},"headline":"VICTORIA COLUMBA (VICKY CANALLA)","datePublished":"2020-10-14T21:29:06+00:00","dateModified":"2020-12-13T20:23:30+00:00","mainEntityOfPage":{"@id":"https:\/\/caminandofronteras.org\/fr\/victoria-columba-vicky-canalla\/"},"wordCount":218,"commentCount":0,"publisher":{"@id":"https:\/\/caminandofronteras.org\/fr\/#organization"},"image":{"@id":"https:\/\/caminandofronteras.org\/fr\/victoria-columba-vicky-canalla\/#primaryimage"},"thumbnailUrl":"https:\/\/caminandofronteras.org\/wp-content\/uploads\/2020\/09\/Victoria-Columba.png","articleSection":["D\u00e9fenseures"],"inLanguage":"fr-FR","potentialAction":[{"@type":"CommentAction","name":"Comment","target":["https:\/\/caminandofronteras.org\/fr\/victoria-columba-vicky-canalla\/#respond"]}]},{"@type":"WebPage","@id":"https:\/\/caminandofronteras.org\/fr\/victoria-columba-vicky-canalla\/","url":"https:\/\/caminandofronteras.org\/fr\/victoria-columba-vicky-canalla\/","name":"VICTORIA COLUMBA (VICKY CANALLA) - Caminando Fronteras","isPartOf":{"@id":"https:\/\/caminandofronteras.org\/fr\/#website"},"primaryImageOfPage":{"@id":"https:\/\/caminandofronteras.org\/fr\/victoria-columba-vicky-canalla\/#primaryimage"},"image":{"@id":"https:\/\/caminandofronteras.org\/fr\/victoria-columba-vicky-canalla\/#primaryimage"},"thumbnailUrl":"https:\/\/caminandofronteras.org\/wp-content\/uploads\/2020\/09\/Victoria-Columba.png","datePublished":"2020-10-14T21:29:06+00:00","dateModified":"2020-12-13T20:23:30+00:00","breadcrumb":{"@id":"https:\/\/caminandofronteras.org\/fr\/victoria-columba-vicky-canalla\/#breadcrumb"},"inLanguage":"fr-FR","potentialAction":[{"@type":"ReadAction","target":["https:\/\/caminandofronteras.org\/fr\/victoria-columba-vicky-canalla\/"]}]},{"@type":"ImageObject","inLanguage":"fr-FR","@id":"https:\/\/caminandofronteras.org\/fr\/victoria-columba-vicky-canalla\/#primaryimage","url":"https:\/\/caminandofronteras.org\/wp-content\/uploads\/2020\/09\/Victoria-Columba.png","contentUrl":"https:\/\/caminandofronteras.org\/wp-content\/uploads\/2020\/09\/Victoria-Columba.png","width":556,"height":556},{"@type":"BreadcrumbList","@id":"https:\/\/caminandofronteras.org\/fr\/victoria-columba-vicky-canalla\/#breadcrumb","itemListElement":[{"@type":"ListItem","position":1,"name":"Portada","item":"https:\/\/caminandofronteras.org\/fr\/"},{"@type":"ListItem","position":2,"name":"VICTORIA COLUMBA (VICKY CANALLA)"}]},{"@type":"WebSite","@id":"https:\/\/caminandofronteras.org\/fr\/#website","url":"https:\/\/caminandofronteras.org\/fr\/","name":"Caminando Fronteras","description":"Construyendo comunidad migrante","publisher":{"@id":"https:\/\/caminandofronteras.org\/fr\/#organization"},"potentialAction":[{"@type":"SearchAction","target":{"@type":"EntryPoint","urlTemplate":"https:\/\/caminandofronteras.org\/fr\/?s={search_term_string}"},"query-input":{"@type":"PropertyValueSpecification","valueRequired":true,"valueName":"search_term_string"}}],"inLanguage":"fr-FR"},{"@type":"Organization","@id":"https:\/\/caminandofronteras.org\/fr\/#organization","name":"Caminando Fronteras","url":"https:\/\/caminandofronteras.org\/fr\/","logo":{"@type":"ImageObject","inLanguage":"fr-FR","@id":"https:\/\/caminandofronteras.org\/fr\/#\/schema\/logo\/image\/","url":"https:\/\/caminandofronteras.org\/wp-content\/uploads\/2020\/02\/cff-negro.svg","contentUrl":"https:\/\/caminandofronteras.org\/wp-content\/uploads\/2020\/02\/cff-negro.svg","width":758,"height":320,"caption":"Caminando Fronteras"},"image":{"@id":"https:\/\/caminandofronteras.org\/fr\/#\/schema\/logo\/image\/"}},{"@type":"Person","@id":"https:\/\/caminandofronteras.org\/fr\/#\/schema\/person\/6ea0a6362faf30cb0554cd3735263693","name":"caminandofronteras","image":{"@type":"ImageObject","inLanguage":"fr-FR","@id":"https:\/\/secure.gravatar.com\/avatar\/3fc4ed8a5b9cbb04cf92bc2961f1b72cf3dd5182452b059b88f53d9f29fe677f?s=96&d=mm&r=g","url":"https:\/\/secure.gravatar.com\/avatar\/3fc4ed8a5b9cbb04cf92bc2961f1b72cf3dd5182452b059b88f53d9f29fe677f?s=96&d=mm&r=g","contentUrl":"https:\/\/secure.gravatar.com\/avatar\/3fc4ed8a5b9cbb04cf92bc2961f1b72cf3dd5182452b059b88f53d9f29fe677f?s=96&d=mm&r=g","caption":"caminandofronteras"},"url":"https:\/\/caminandofronteras.org\/fr\/author\/caminandofronteras\/"}]}},"_links":{"self":[{"href":"https:\/\/caminandofronteras.org\/fr\/wp-json\/wp\/v2\/posts\/6712","targetHints":{"allow":["GET"]}}],"collection":[{"href":"https:\/\/caminandofronteras.org\/fr\/wp-json\/wp\/v2\/posts"}],"about":[{"href":"https:\/\/caminandofronteras.org\/fr\/wp-json\/wp\/v2\/types\/post"}],"author":[{"embeddable":true,"href":"https:\/\/caminandofronteras.org\/fr\/wp-json\/wp\/v2\/users\/2"}],"replies":[{"embeddable":true,"href":"https:\/\/caminandofronteras.org\/fr\/wp-json\/wp\/v2\/comments?post=6712"}],"version-history":[{"count":4,"href":"https:\/\/caminandofronteras.org\/fr\/wp-json\/wp\/v2\/posts\/6712\/revisions"}],"predecessor-version":[{"id":8358,"href":"https:\/\/caminandofronteras.org\/fr\/wp-json\/wp\/v2\/posts\/6712\/revisions\/8358"}],"wp:featuredmedia":[{"embeddable":true,"href":"https:\/\/caminandofronteras.org\/fr\/wp-json\/wp\/v2\/media\/6291"}],"wp:attachment":[{"href":"https:\/\/caminandofronteras.org\/fr\/wp-json\/wp\/v2\/media?parent=6712"}],"wp:term":[{"taxonomy":"category","embeddable":true,"href":"https:\/\/caminandofronteras.org\/fr\/wp-json\/wp\/v2\/categories?post=6712"},{"taxonomy":"post_tag","embeddable":true,"href":"https:\/\/caminandofronteras.org\/fr\/wp-json\/wp\/v2\/tags?post=6712"},{"taxonomy":"rutas","embeddable":true,"href":"https:\/\/caminandofronteras.org\/fr\/wp-json\/wp\/v2\/rutas?post=6712"}],"curies":[{"name":"wp","href":"https:\/\/api.w.org\/{rel}","templated":true}]}}