{"id":7175,"date":"2019-03-23T21:42:19","date_gmt":"2019-03-23T20:42:19","guid":{"rendered":"https:\/\/caminandofronteras.org\/?p=7175"},"modified":"2020-12-12T16:03:27","modified_gmt":"2020-12-12T15:03:27","slug":"avec-le-temps-les-migrants-ont-appris-a-me-connaitre-je-suis-devenue-un-reseau-social-a-moi-toute-seule-infomigrants","status":"publish","type":"post","link":"https:\/\/caminandofronteras.org\/fr\/avec-le-temps-les-migrants-ont-appris-a-me-connaitre-je-suis-devenue-un-reseau-social-a-moi-toute-seule-infomigrants\/","title":{"rendered":"\u00ab\u00a0Avec le temps, les migrants ont appris \u00e0 me conna\u00eetre, je suis devenue un r\u00e9seau social \u00e0 moi toute seule !\u00a0\u00bb &#8211; INFOMIGRANTS"},"content":{"rendered":"\n<p><em><a rel=\"noreferrer noopener\" href=\"https:\/\/www.infomigrants.net\/fr\/post\/15932\/avec-le-temps-les-migrants-ont-appris-a-me-connaitre-je-suis-devenue-un-reseau-social-a-moi-toute-seule\" target=\"_blank\">Publi\u00e9 par INFOMIGRANTS le 27\/03\/2019<\/a><\/em><\/p>\n\n\n\n<p>La justice marocaine a r\u00e9cemment abandonn\u00e9 toutes les charges qui pesaient \u00e0 l\u2019encontre d\u2019Helena Maleno. Accus\u00e9e de trafic d\u2019\u00eatres humains, cette militante espagnole bas\u00e9e \u00e0 Tanger est connue de beaucoup de migrants pass\u00e9s par la r\u00e9gion. Portrait d\u2019une battante.<\/p>\n\n\n\n<p>Pour Helena Maleno, la mer M\u00e9diterran\u00e9e a toujours \u00e9t\u00e9 un lieu de joies \u201cappartenant \u00e0 tous\u201d, celui des bons souvenirs d\u2019enfance, celui qui l\u2019a vu grandir \u00e0 l&rsquo;ombre des vastes serres de fruits et l\u00e9gumes de la petite ville d\u2019El Ejido en&nbsp;Andalousie. Fille d\u2019ouvriers agricoles, elle c\u00f4toie de nombreux travailleurs saisonniers, souvent sans-papiers, \u00e0 qui la ville doit sa prosp\u00e9rit\u00e9.<\/p>\n\n\n\n<p>Mais un jour de f\u00e9vrier 2000, El Ejido s\u2019enflamme. C\u2019est un double meurtre commis par un d\u00e9s\u00e9quilibr\u00e9 marocain qui met le feu aux poudres. Les \u00e9meutes feront quelque 80 bless\u00e9s et laisseront l\u2019Espagne tol\u00e9rante sous le choc. \u201cDepuis quelques temps, je sentais le racisme monter parmi mes voisins et au-del\u00e0. D\u2019un c\u00f4t\u00e9, ils utilisaient les migrants comme main d\u2019\u0153uvre, mais de l\u2019autre, ils ne les int\u00e9graient pas \u00e0 la soci\u00e9t\u00e9. J\u2019ai trouv\u00e9 cela injuste. C\u2019est l\u00e0 que j\u2019ai commenc\u00e9 \u00e0 vouloir les d\u00e9fendre\u201d, confie Helena Maleno, jointe par InfoMigrants.<\/p>\n\n\n\n<p>Dipl\u00f4m\u00e9e de journalisme, elle se lance dans des investigations. Traite des clandestins, prostitution, trafic de drogues ou d\u2019organes : d\u00e9noncer \u201cle business autour des migrants\u201d devient alors son combat au quotidien. C\u2019est dans ce contexte qu\u2019elle part s\u2019installer au&nbsp;Maroc&nbsp;en 2002. \u201cJ\u2019ai \u00e9t\u00e9 chercheur, j\u2019ai aussi travaill\u00e9 pour l\u2019ONU ou pour le d\u00e9fenseur des droits espagnol. Et en parall\u00e8le, j\u2019ai toujours continu\u00e9 de militer. Au d\u00e9but c\u2019\u00e9tait de mani\u00e8re informelle, et petit \u00e0 petit on est devenu un collectif.\u201d<\/p>\n\n\n\n<p><strong>\u00ab\u00a0La premi\u00e8re fois qu\u2019on m\u2019a appel\u00e9e pour un bateau qui chavirait remonte \u00e0 2007\u00a0\u00bb<\/strong><\/p>\n\n\n\n<p>Aujourd\u2019hui, Helena Maleno est \u00e0 la t\u00eate de Caminando Fronteras (Walking Borders), une association de d\u00e9fense des migrants bas\u00e9e \u00e0 Tanger. \u201cJe travaille beaucoup autour de l\u2019acc\u00e8s aux droits, par exemple inscrire les enfants \u00e0 l\u2019\u00e9tat civil, la sant\u00e9 sexuelle des femmes, des meilleurs soins etc. Et on est aussi pr\u00e9sents autour des naufrages : on va visiter les morgues pour conna\u00eetre le nombre de victimes et essayer de les identifier, on accompagne parfois les proches, on relaie les photos des disparus etc.\u201d, d\u00e9crit Helena Maleno.<\/p>\n\n\n\n<p>En 20 ans, l\u2019Espagnole est devenue un pilier dans la r\u00e9gion et au-del\u00e0. \u201cMon num\u00e9ro circule beaucoup parmi les candidats \u00e0 l\u2019exil. La premi\u00e8re fois qu\u2019on m\u2019a appel\u00e9e pour un bateau qui chavirait remonte \u00e0 2007. Petit \u00e0 petit notre r\u00e9seau d\u2019entraide s\u2019est construit. Avec le temps, les migrants ont appris \u00e0 me conna\u00eetre, je suis devenue un r\u00e9seau social \u00e0 moi toute seule\u201d, plaisante-t-elle.<\/p>\n\n\n\n<p>D\u00e9sormais, une ligne t\u00e9l\u00e9phonique est ouverte en permanence pour recevoir d&rsquo;\u00e9ventuels appels de d\u00e9tresse des migrants en mer. \u201cQuand on nous appelle, on essaye de r\u00e9colter un maximum d\u2019informations et on transmet imm\u00e9diatement aux secours. Je pense qu\u2019on nous appelle car les migrants ont confiance en moi, ils se disent qu\u2019il y a plus de chances que les secours viennent si je les pr\u00e9viens\u201d, raconte celle qui se dit toujours surprise par sa \u201cpopularit\u00e9\u201d parmi les migrants.<\/p>\n\n\n\n<p><strong>Plus de sept ans d\u2019enqu\u00eate contre la militante en Espagne et au Maroc<\/strong><\/p>\n\n\n\n<p>Mais le combat d\u2019Helena Maleno est loin de faire l\u2019unanimit\u00e9. Depuis des ann\u00e9es, cette derni\u00e8re est en effet sous le coup d\u2019une enqu\u00eate initi\u00e9e par la police espagnole en 2012 qui l\u2019accuse de \u201ctrafic d\u2019\u00eatres humains et \u00e9migration clandestine\u201d. Sans preuve concr\u00e8te, le dossier a \u00e9t\u00e9 confi\u00e9 au Tribunal de Tanger en 2014, qui a finalement d\u00e9cid\u00e9 de classer l\u2019affaire en d\u00e9cembre dernier apr\u00e8s des ann\u00e9es d\u2019enqu\u00eate et d\u2019angoisse pour Helena Maleno.<\/p>\n\n\n\n<p>\u201cContrairement \u00e0 l\u2019Espagne qui ne m\u2019a jamais convoqu\u00e9e, au Maroc j\u2019ai pu me d\u00e9fendre, j\u2019avais un avocat sp\u00e9cialis\u00e9 en Droits Humaines, un bon traducteur, beaucoup de soutien dans les m\u00e9dias et la population. M\u00eame le rapporteur des Nations unies est mont\u00e9 au cr\u00e9neau\u201d, raconte Helena Maleno. La d\u00e9cision d\u2019abandonner toutes les charges a finalement \u00e9t\u00e9 confirm\u00e9e en appel mi-mars, la justice marocaine r\u00e9it\u00e9rant qu\u2019il n\u2019y avait aucune preuve d\u2019un crime. <\/p>\n\n\n\n<figure class=\"wp-block-embed-twitter wp-block-embed is-type-rich is-provider-twitter\"><div class=\"wp-block-embed__wrapper\">\n<blockquote class=\"twitter-tweet\" data-width=\"550\" data-dnt=\"true\"><p lang=\"es\" dir=\"ltr\">Soy Helena Maleno, defensora de Derechos Humanos, y&#8230; \u00a1la justicia marroqu\u00ed ha archivado la causa penal contra m\u00ed! Victoria para el  <a href=\"https:\/\/twitter.com\/hashtag\/DerechoAlaVida?src=hash&amp;ref_src=twsrc%5Etfw\">#DerechoAlaVida<\/a>. <a href=\"https:\/\/t.co\/d3dlaY2vpZ\">pic.twitter.com\/d3dlaY2vpZ<\/a><\/p>&mdash; Helena Maleno Garz\u00f3n (@HelenaMaleno) <a href=\"https:\/\/twitter.com\/HelenaMaleno\/status\/1105005448053342208?ref_src=twsrc%5Etfw\">March 11, 2019<\/a><\/blockquote><script async src=\"https:\/\/platform.twitter.com\/widgets.js\" charset=\"utf-8\"><\/script>\n<\/div><\/figure>\n\n\n\n<p>\u201cAvec cette d\u00e9cision, le Maroc dit que le droit \u00e0 la vie est plus important que la politique migratoire de l\u2019Union europ\u00e9enne. Cela peut faire jurisprudence. Ma victoire, c\u2019est une victoire pour tous\u201d, estime-t-elle. Apr\u00e8s ce long combat, \u00e9maill\u00e9 de menaces de mort \u00e0 son encontre, la quadrag\u00e9naire est marqu\u00e9e. Mais aussi plus d\u00e9termin\u00e9e que jamais \u00e0 faire avancer la cause des migrants et celle de ceux qui la d\u00e9fendent.<\/p>\n\n\n\n<p>Son travail a plusieurs fois \u00e9t\u00e9 r\u00e9compens\u00e9 ces derni\u00e8res ann\u00e9es \u00e0 travers le monde. Elle a notamment re\u00e7u le prix \u00ab\u00a0Nacho de la Mata\u00a0\u00bb en 2015 du Conseil g\u00e9n\u00e9ral des avocats espagnols, le prix de l\u2019Association espagnole de d\u00e9fense des droits humains en 2018 et le prix MacBride pour la paix d\u00e9cern\u00e9 en 2018 par le International Peace Bureau.<\/p>\n","protected":false},"excerpt":{"rendered":"<p>Publi\u00e9 par INFOMIGRANTS le 27\/03\/2019 La justice marocaine a r\u00e9cemment abandonn\u00e9 toutes les charges qui pesaient \u00e0 l\u2019encontre d\u2019Helena Maleno. Accus\u00e9e de trafic d\u2019\u00eatres humains, cette militante espagnole bas\u00e9e \u00e0 Tanger est connue de beaucoup de migrants pass\u00e9s par la r\u00e9gion. Portrait d\u2019une battante. Pour Helena Maleno, la mer M\u00e9diterran\u00e9e a toujours \u00e9t\u00e9 un lieu &#8230; <a title=\"\u00ab\u00a0Avec le temps, les migrants ont appris \u00e0 me conna\u00eetre, je suis devenue un r\u00e9seau social \u00e0 moi toute seule !\u00a0\u00bb &#8211; INFOMIGRANTS\" class=\"read-more\" href=\"https:\/\/caminandofronteras.org\/fr\/avec-le-temps-les-migrants-ont-appris-a-me-connaitre-je-suis-devenue-un-reseau-social-a-moi-toute-seule-infomigrants\/\" aria-label=\"En savoir plus sur \u00ab\u00a0Avec le temps, les migrants ont appris \u00e0 me conna\u00eetre, je suis devenue un r\u00e9seau social \u00e0 moi toute seule !\u00a0\u00bb &#8211; INFOMIGRANTS\">Lire plus<\/a><\/p>\n","protected":false},"author":2,"featured_media":7168,"comment_status":"open","ping_status":"closed","sticky":false,"template":"","format":"standard","meta":{"_acf_changed":false,"_coblocks_attr":"","_coblocks_dimensions":"","_coblocks_responsive_height":"","_coblocks_accordion_ie_support":"","pgc_sgb_lightbox_settings":"","footnotes":""},"categories":[186],"tags":[270],"rutas":[],"class_list":["post-7175","post","type-post","status-publish","format-standard","has-post-thumbnail","hentry","category-actualite","tag-droit-a-la-vie"],"acf":[],"yoast_head":"<!-- This site is optimized with the Yoast SEO plugin v27.3 - https:\/\/yoast.com\/product\/yoast-seo-wordpress\/ -->\n<title>&quot;Avec le temps, les migrants ont appris \u00e0 me conna\u00eetre, je suis devenue un r\u00e9seau social \u00e0 moi toute seule !&quot; - INFOMIGRANTS - Caminando Fronteras<\/title>\n<meta name=\"robots\" content=\"index, follow, max-snippet:-1, max-image-preview:large, max-video-preview:-1\" \/>\n<link rel=\"canonical\" href=\"https:\/\/caminandofronteras.org\/fr\/avec-le-temps-les-migrants-ont-appris-a-me-connaitre-je-suis-devenue-un-reseau-social-a-moi-toute-seule-infomigrants\/\" \/>\n<meta property=\"og:locale\" content=\"fr_FR\" \/>\n<meta property=\"og:type\" content=\"article\" \/>\n<meta property=\"og:title\" content=\"&quot;Avec le temps, les migrants ont appris \u00e0 me conna\u00eetre, je suis devenue un r\u00e9seau social \u00e0 moi toute seule !&quot; - INFOMIGRANTS - Caminando Fronteras\" \/>\n<meta property=\"og:description\" content=\"Publi\u00e9 par INFOMIGRANTS le 27\/03\/2019 La justice marocaine a r\u00e9cemment abandonn\u00e9 toutes les charges qui pesaient \u00e0 l\u2019encontre d\u2019Helena Maleno. Accus\u00e9e de trafic d\u2019\u00eatres humains, cette militante espagnole bas\u00e9e \u00e0 Tanger est connue de beaucoup de migrants pass\u00e9s par la r\u00e9gion. Portrait d\u2019une battante. Pour Helena Maleno, la mer M\u00e9diterran\u00e9e a toujours \u00e9t\u00e9 un lieu ... Lire plus\" \/>\n<meta property=\"og:url\" content=\"https:\/\/caminandofronteras.org\/fr\/avec-le-temps-les-migrants-ont-appris-a-me-connaitre-je-suis-devenue-un-reseau-social-a-moi-toute-seule-infomigrants\/\" \/>\n<meta property=\"og:site_name\" content=\"Caminando Fronteras\" \/>\n<meta property=\"article:published_time\" content=\"2019-03-23T20:42:19+00:00\" \/>\n<meta property=\"article:modified_time\" content=\"2020-12-12T15:03:27+00:00\" \/>\n<meta property=\"og:image\" content=\"https:\/\/caminandofronteras.org\/wp-content\/uploads\/2020\/11\/hinf.jpeg\" \/>\n\t<meta property=\"og:image:width\" content=\"1024\" \/>\n\t<meta property=\"og:image:height\" content=\"576\" \/>\n\t<meta property=\"og:image:type\" content=\"image\/jpeg\" \/>\n<meta name=\"author\" content=\"caminandofronteras\" \/>\n<meta name=\"twitter:card\" content=\"summary_large_image\" \/>\n<meta name=\"twitter:label1\" content=\"\u00c9crit par\" \/>\n\t<meta name=\"twitter:data1\" content=\"caminandofronteras\" \/>\n\t<meta name=\"twitter:label2\" content=\"Dur\u00e9e de lecture estim\u00e9e\" \/>\n\t<meta name=\"twitter:data2\" content=\"5 minutes\" \/>\n<script type=\"application\/ld+json\" class=\"yoast-schema-graph\">{\"@context\":\"https:\\\/\\\/schema.org\",\"@graph\":[{\"@type\":\"Article\",\"@id\":\"https:\\\/\\\/caminandofronteras.org\\\/fr\\\/avec-le-temps-les-migrants-ont-appris-a-me-connaitre-je-suis-devenue-un-reseau-social-a-moi-toute-seule-infomigrants\\\/#article\",\"isPartOf\":{\"@id\":\"https:\\\/\\\/caminandofronteras.org\\\/fr\\\/avec-le-temps-les-migrants-ont-appris-a-me-connaitre-je-suis-devenue-un-reseau-social-a-moi-toute-seule-infomigrants\\\/\"},\"author\":{\"name\":\"caminandofronteras\",\"@id\":\"https:\\\/\\\/caminandofronteras.org\\\/fr\\\/#\\\/schema\\\/person\\\/6ea0a6362faf30cb0554cd3735263693\"},\"headline\":\"\u00ab\u00a0Avec le temps, les migrants ont appris \u00e0 me conna\u00eetre, je suis devenue un r\u00e9seau social \u00e0 moi toute seule !\u00a0\u00bb &#8211; INFOMIGRANTS\",\"datePublished\":\"2019-03-23T20:42:19+00:00\",\"dateModified\":\"2020-12-12T15:03:27+00:00\",\"mainEntityOfPage\":{\"@id\":\"https:\\\/\\\/caminandofronteras.org\\\/fr\\\/avec-le-temps-les-migrants-ont-appris-a-me-connaitre-je-suis-devenue-un-reseau-social-a-moi-toute-seule-infomigrants\\\/\"},\"wordCount\":967,\"commentCount\":0,\"publisher\":{\"@id\":\"https:\\\/\\\/caminandofronteras.org\\\/fr\\\/#organization\"},\"image\":{\"@id\":\"https:\\\/\\\/caminandofronteras.org\\\/fr\\\/avec-le-temps-les-migrants-ont-appris-a-me-connaitre-je-suis-devenue-un-reseau-social-a-moi-toute-seule-infomigrants\\\/#primaryimage\"},\"thumbnailUrl\":\"https:\\\/\\\/caminandofronteras.org\\\/wp-content\\\/uploads\\\/2020\\\/11\\\/hinf.jpeg\",\"keywords\":[\"droit a la vie\"],\"articleSection\":[\"Actualit\u00e9\"],\"inLanguage\":\"fr-FR\",\"potentialAction\":[{\"@type\":\"CommentAction\",\"name\":\"Comment\",\"target\":[\"https:\\\/\\\/caminandofronteras.org\\\/fr\\\/avec-le-temps-les-migrants-ont-appris-a-me-connaitre-je-suis-devenue-un-reseau-social-a-moi-toute-seule-infomigrants\\\/#respond\"]}]},{\"@type\":\"WebPage\",\"@id\":\"https:\\\/\\\/caminandofronteras.org\\\/fr\\\/avec-le-temps-les-migrants-ont-appris-a-me-connaitre-je-suis-devenue-un-reseau-social-a-moi-toute-seule-infomigrants\\\/\",\"url\":\"https:\\\/\\\/caminandofronteras.org\\\/fr\\\/avec-le-temps-les-migrants-ont-appris-a-me-connaitre-je-suis-devenue-un-reseau-social-a-moi-toute-seule-infomigrants\\\/\",\"name\":\"\\\"Avec le temps, les migrants ont appris \u00e0 me conna\u00eetre, je suis devenue un r\u00e9seau social \u00e0 moi toute seule !\\\" - INFOMIGRANTS - Caminando Fronteras\",\"isPartOf\":{\"@id\":\"https:\\\/\\\/caminandofronteras.org\\\/fr\\\/#website\"},\"primaryImageOfPage\":{\"@id\":\"https:\\\/\\\/caminandofronteras.org\\\/fr\\\/avec-le-temps-les-migrants-ont-appris-a-me-connaitre-je-suis-devenue-un-reseau-social-a-moi-toute-seule-infomigrants\\\/#primaryimage\"},\"image\":{\"@id\":\"https:\\\/\\\/caminandofronteras.org\\\/fr\\\/avec-le-temps-les-migrants-ont-appris-a-me-connaitre-je-suis-devenue-un-reseau-social-a-moi-toute-seule-infomigrants\\\/#primaryimage\"},\"thumbnailUrl\":\"https:\\\/\\\/caminandofronteras.org\\\/wp-content\\\/uploads\\\/2020\\\/11\\\/hinf.jpeg\",\"datePublished\":\"2019-03-23T20:42:19+00:00\",\"dateModified\":\"2020-12-12T15:03:27+00:00\",\"breadcrumb\":{\"@id\":\"https:\\\/\\\/caminandofronteras.org\\\/fr\\\/avec-le-temps-les-migrants-ont-appris-a-me-connaitre-je-suis-devenue-un-reseau-social-a-moi-toute-seule-infomigrants\\\/#breadcrumb\"},\"inLanguage\":\"fr-FR\",\"potentialAction\":[{\"@type\":\"ReadAction\",\"target\":[\"https:\\\/\\\/caminandofronteras.org\\\/fr\\\/avec-le-temps-les-migrants-ont-appris-a-me-connaitre-je-suis-devenue-un-reseau-social-a-moi-toute-seule-infomigrants\\\/\"]}]},{\"@type\":\"ImageObject\",\"inLanguage\":\"fr-FR\",\"@id\":\"https:\\\/\\\/caminandofronteras.org\\\/fr\\\/avec-le-temps-les-migrants-ont-appris-a-me-connaitre-je-suis-devenue-un-reseau-social-a-moi-toute-seule-infomigrants\\\/#primaryimage\",\"url\":\"https:\\\/\\\/caminandofronteras.org\\\/wp-content\\\/uploads\\\/2020\\\/11\\\/hinf.jpeg\",\"contentUrl\":\"https:\\\/\\\/caminandofronteras.org\\\/wp-content\\\/uploads\\\/2020\\\/11\\\/hinf.jpeg\",\"width\":1024,\"height\":576},{\"@type\":\"BreadcrumbList\",\"@id\":\"https:\\\/\\\/caminandofronteras.org\\\/fr\\\/avec-le-temps-les-migrants-ont-appris-a-me-connaitre-je-suis-devenue-un-reseau-social-a-moi-toute-seule-infomigrants\\\/#breadcrumb\",\"itemListElement\":[{\"@type\":\"ListItem\",\"position\":1,\"name\":\"Portada\",\"item\":\"https:\\\/\\\/caminandofronteras.org\\\/fr\\\/\"},{\"@type\":\"ListItem\",\"position\":2,\"name\":\"\u00ab\u00a0Avec le temps, les migrants ont appris \u00e0 me conna\u00eetre, je suis devenue un r\u00e9seau social \u00e0 moi toute seule !\u00a0\u00bb &#8211; INFOMIGRANTS\"}]},{\"@type\":\"WebSite\",\"@id\":\"https:\\\/\\\/caminandofronteras.org\\\/fr\\\/#website\",\"url\":\"https:\\\/\\\/caminandofronteras.org\\\/fr\\\/\",\"name\":\"Caminando Fronteras\",\"description\":\"Construyendo comunidad migrante\",\"publisher\":{\"@id\":\"https:\\\/\\\/caminandofronteras.org\\\/fr\\\/#organization\"},\"potentialAction\":[{\"@type\":\"SearchAction\",\"target\":{\"@type\":\"EntryPoint\",\"urlTemplate\":\"https:\\\/\\\/caminandofronteras.org\\\/fr\\\/?s={search_term_string}\"},\"query-input\":{\"@type\":\"PropertyValueSpecification\",\"valueRequired\":true,\"valueName\":\"search_term_string\"}}],\"inLanguage\":\"fr-FR\"},{\"@type\":\"Organization\",\"@id\":\"https:\\\/\\\/caminandofronteras.org\\\/fr\\\/#organization\",\"name\":\"Caminando Fronteras\",\"url\":\"https:\\\/\\\/caminandofronteras.org\\\/fr\\\/\",\"logo\":{\"@type\":\"ImageObject\",\"inLanguage\":\"fr-FR\",\"@id\":\"https:\\\/\\\/caminandofronteras.org\\\/fr\\\/#\\\/schema\\\/logo\\\/image\\\/\",\"url\":\"https:\\\/\\\/caminandofronteras.org\\\/wp-content\\\/uploads\\\/2020\\\/02\\\/cff-negro.svg\",\"contentUrl\":\"https:\\\/\\\/caminandofronteras.org\\\/wp-content\\\/uploads\\\/2020\\\/02\\\/cff-negro.svg\",\"width\":758,\"height\":320,\"caption\":\"Caminando Fronteras\"},\"image\":{\"@id\":\"https:\\\/\\\/caminandofronteras.org\\\/fr\\\/#\\\/schema\\\/logo\\\/image\\\/\"}},{\"@type\":\"Person\",\"@id\":\"https:\\\/\\\/caminandofronteras.org\\\/fr\\\/#\\\/schema\\\/person\\\/6ea0a6362faf30cb0554cd3735263693\",\"name\":\"caminandofronteras\",\"image\":{\"@type\":\"ImageObject\",\"inLanguage\":\"fr-FR\",\"@id\":\"https:\\\/\\\/secure.gravatar.com\\\/avatar\\\/3fc4ed8a5b9cbb04cf92bc2961f1b72cf3dd5182452b059b88f53d9f29fe677f?s=96&d=mm&r=g\",\"url\":\"https:\\\/\\\/secure.gravatar.com\\\/avatar\\\/3fc4ed8a5b9cbb04cf92bc2961f1b72cf3dd5182452b059b88f53d9f29fe677f?s=96&d=mm&r=g\",\"contentUrl\":\"https:\\\/\\\/secure.gravatar.com\\\/avatar\\\/3fc4ed8a5b9cbb04cf92bc2961f1b72cf3dd5182452b059b88f53d9f29fe677f?s=96&d=mm&r=g\",\"caption\":\"caminandofronteras\"},\"url\":\"https:\\\/\\\/caminandofronteras.org\\\/fr\\\/author\\\/caminandofronteras\\\/\"}]}<\/script>\n<!-- \/ Yoast SEO plugin. -->","yoast_head_json":{"title":"\"Avec le temps, les migrants ont appris \u00e0 me conna\u00eetre, je suis devenue un r\u00e9seau social \u00e0 moi toute seule !\" - INFOMIGRANTS - Caminando Fronteras","robots":{"index":"index","follow":"follow","max-snippet":"max-snippet:-1","max-image-preview":"max-image-preview:large","max-video-preview":"max-video-preview:-1"},"canonical":"https:\/\/caminandofronteras.org\/fr\/avec-le-temps-les-migrants-ont-appris-a-me-connaitre-je-suis-devenue-un-reseau-social-a-moi-toute-seule-infomigrants\/","og_locale":"fr_FR","og_type":"article","og_title":"\"Avec le temps, les migrants ont appris \u00e0 me conna\u00eetre, je suis devenue un r\u00e9seau social \u00e0 moi toute seule !\" - INFOMIGRANTS - Caminando Fronteras","og_description":"Publi\u00e9 par INFOMIGRANTS le 27\/03\/2019 La justice marocaine a r\u00e9cemment abandonn\u00e9 toutes les charges qui pesaient \u00e0 l\u2019encontre d\u2019Helena Maleno. Accus\u00e9e de trafic d\u2019\u00eatres humains, cette militante espagnole bas\u00e9e \u00e0 Tanger est connue de beaucoup de migrants pass\u00e9s par la r\u00e9gion. Portrait d\u2019une battante. Pour Helena Maleno, la mer M\u00e9diterran\u00e9e a toujours \u00e9t\u00e9 un lieu ... Lire plus","og_url":"https:\/\/caminandofronteras.org\/fr\/avec-le-temps-les-migrants-ont-appris-a-me-connaitre-je-suis-devenue-un-reseau-social-a-moi-toute-seule-infomigrants\/","og_site_name":"Caminando Fronteras","article_published_time":"2019-03-23T20:42:19+00:00","article_modified_time":"2020-12-12T15:03:27+00:00","og_image":[{"width":1024,"height":576,"url":"https:\/\/caminandofronteras.org\/wp-content\/uploads\/2020\/11\/hinf.jpeg","type":"image\/jpeg"}],"author":"caminandofronteras","twitter_card":"summary_large_image","twitter_misc":{"\u00c9crit par":"caminandofronteras","Dur\u00e9e de lecture estim\u00e9e":"5 minutes"},"schema":{"@context":"https:\/\/schema.org","@graph":[{"@type":"Article","@id":"https:\/\/caminandofronteras.org\/fr\/avec-le-temps-les-migrants-ont-appris-a-me-connaitre-je-suis-devenue-un-reseau-social-a-moi-toute-seule-infomigrants\/#article","isPartOf":{"@id":"https:\/\/caminandofronteras.org\/fr\/avec-le-temps-les-migrants-ont-appris-a-me-connaitre-je-suis-devenue-un-reseau-social-a-moi-toute-seule-infomigrants\/"},"author":{"name":"caminandofronteras","@id":"https:\/\/caminandofronteras.org\/fr\/#\/schema\/person\/6ea0a6362faf30cb0554cd3735263693"},"headline":"\u00ab\u00a0Avec le temps, les migrants ont appris \u00e0 me conna\u00eetre, je suis devenue un r\u00e9seau social \u00e0 moi toute seule !\u00a0\u00bb &#8211; INFOMIGRANTS","datePublished":"2019-03-23T20:42:19+00:00","dateModified":"2020-12-12T15:03:27+00:00","mainEntityOfPage":{"@id":"https:\/\/caminandofronteras.org\/fr\/avec-le-temps-les-migrants-ont-appris-a-me-connaitre-je-suis-devenue-un-reseau-social-a-moi-toute-seule-infomigrants\/"},"wordCount":967,"commentCount":0,"publisher":{"@id":"https:\/\/caminandofronteras.org\/fr\/#organization"},"image":{"@id":"https:\/\/caminandofronteras.org\/fr\/avec-le-temps-les-migrants-ont-appris-a-me-connaitre-je-suis-devenue-un-reseau-social-a-moi-toute-seule-infomigrants\/#primaryimage"},"thumbnailUrl":"https:\/\/caminandofronteras.org\/wp-content\/uploads\/2020\/11\/hinf.jpeg","keywords":["droit a la vie"],"articleSection":["Actualit\u00e9"],"inLanguage":"fr-FR","potentialAction":[{"@type":"CommentAction","name":"Comment","target":["https:\/\/caminandofronteras.org\/fr\/avec-le-temps-les-migrants-ont-appris-a-me-connaitre-je-suis-devenue-un-reseau-social-a-moi-toute-seule-infomigrants\/#respond"]}]},{"@type":"WebPage","@id":"https:\/\/caminandofronteras.org\/fr\/avec-le-temps-les-migrants-ont-appris-a-me-connaitre-je-suis-devenue-un-reseau-social-a-moi-toute-seule-infomigrants\/","url":"https:\/\/caminandofronteras.org\/fr\/avec-le-temps-les-migrants-ont-appris-a-me-connaitre-je-suis-devenue-un-reseau-social-a-moi-toute-seule-infomigrants\/","name":"\"Avec le temps, les migrants ont appris \u00e0 me conna\u00eetre, je suis devenue un r\u00e9seau social \u00e0 moi toute seule !\" - INFOMIGRANTS - Caminando Fronteras","isPartOf":{"@id":"https:\/\/caminandofronteras.org\/fr\/#website"},"primaryImageOfPage":{"@id":"https:\/\/caminandofronteras.org\/fr\/avec-le-temps-les-migrants-ont-appris-a-me-connaitre-je-suis-devenue-un-reseau-social-a-moi-toute-seule-infomigrants\/#primaryimage"},"image":{"@id":"https:\/\/caminandofronteras.org\/fr\/avec-le-temps-les-migrants-ont-appris-a-me-connaitre-je-suis-devenue-un-reseau-social-a-moi-toute-seule-infomigrants\/#primaryimage"},"thumbnailUrl":"https:\/\/caminandofronteras.org\/wp-content\/uploads\/2020\/11\/hinf.jpeg","datePublished":"2019-03-23T20:42:19+00:00","dateModified":"2020-12-12T15:03:27+00:00","breadcrumb":{"@id":"https:\/\/caminandofronteras.org\/fr\/avec-le-temps-les-migrants-ont-appris-a-me-connaitre-je-suis-devenue-un-reseau-social-a-moi-toute-seule-infomigrants\/#breadcrumb"},"inLanguage":"fr-FR","potentialAction":[{"@type":"ReadAction","target":["https:\/\/caminandofronteras.org\/fr\/avec-le-temps-les-migrants-ont-appris-a-me-connaitre-je-suis-devenue-un-reseau-social-a-moi-toute-seule-infomigrants\/"]}]},{"@type":"ImageObject","inLanguage":"fr-FR","@id":"https:\/\/caminandofronteras.org\/fr\/avec-le-temps-les-migrants-ont-appris-a-me-connaitre-je-suis-devenue-un-reseau-social-a-moi-toute-seule-infomigrants\/#primaryimage","url":"https:\/\/caminandofronteras.org\/wp-content\/uploads\/2020\/11\/hinf.jpeg","contentUrl":"https:\/\/caminandofronteras.org\/wp-content\/uploads\/2020\/11\/hinf.jpeg","width":1024,"height":576},{"@type":"BreadcrumbList","@id":"https:\/\/caminandofronteras.org\/fr\/avec-le-temps-les-migrants-ont-appris-a-me-connaitre-je-suis-devenue-un-reseau-social-a-moi-toute-seule-infomigrants\/#breadcrumb","itemListElement":[{"@type":"ListItem","position":1,"name":"Portada","item":"https:\/\/caminandofronteras.org\/fr\/"},{"@type":"ListItem","position":2,"name":"\u00ab\u00a0Avec le temps, les migrants ont appris \u00e0 me conna\u00eetre, je suis devenue un r\u00e9seau social \u00e0 moi toute seule !\u00a0\u00bb &#8211; INFOMIGRANTS"}]},{"@type":"WebSite","@id":"https:\/\/caminandofronteras.org\/fr\/#website","url":"https:\/\/caminandofronteras.org\/fr\/","name":"Caminando Fronteras","description":"Construyendo comunidad migrante","publisher":{"@id":"https:\/\/caminandofronteras.org\/fr\/#organization"},"potentialAction":[{"@type":"SearchAction","target":{"@type":"EntryPoint","urlTemplate":"https:\/\/caminandofronteras.org\/fr\/?s={search_term_string}"},"query-input":{"@type":"PropertyValueSpecification","valueRequired":true,"valueName":"search_term_string"}}],"inLanguage":"fr-FR"},{"@type":"Organization","@id":"https:\/\/caminandofronteras.org\/fr\/#organization","name":"Caminando Fronteras","url":"https:\/\/caminandofronteras.org\/fr\/","logo":{"@type":"ImageObject","inLanguage":"fr-FR","@id":"https:\/\/caminandofronteras.org\/fr\/#\/schema\/logo\/image\/","url":"https:\/\/caminandofronteras.org\/wp-content\/uploads\/2020\/02\/cff-negro.svg","contentUrl":"https:\/\/caminandofronteras.org\/wp-content\/uploads\/2020\/02\/cff-negro.svg","width":758,"height":320,"caption":"Caminando Fronteras"},"image":{"@id":"https:\/\/caminandofronteras.org\/fr\/#\/schema\/logo\/image\/"}},{"@type":"Person","@id":"https:\/\/caminandofronteras.org\/fr\/#\/schema\/person\/6ea0a6362faf30cb0554cd3735263693","name":"caminandofronteras","image":{"@type":"ImageObject","inLanguage":"fr-FR","@id":"https:\/\/secure.gravatar.com\/avatar\/3fc4ed8a5b9cbb04cf92bc2961f1b72cf3dd5182452b059b88f53d9f29fe677f?s=96&d=mm&r=g","url":"https:\/\/secure.gravatar.com\/avatar\/3fc4ed8a5b9cbb04cf92bc2961f1b72cf3dd5182452b059b88f53d9f29fe677f?s=96&d=mm&r=g","contentUrl":"https:\/\/secure.gravatar.com\/avatar\/3fc4ed8a5b9cbb04cf92bc2961f1b72cf3dd5182452b059b88f53d9f29fe677f?s=96&d=mm&r=g","caption":"caminandofronteras"},"url":"https:\/\/caminandofronteras.org\/fr\/author\/caminandofronteras\/"}]}},"_links":{"self":[{"href":"https:\/\/caminandofronteras.org\/fr\/wp-json\/wp\/v2\/posts\/7175","targetHints":{"allow":["GET"]}}],"collection":[{"href":"https:\/\/caminandofronteras.org\/fr\/wp-json\/wp\/v2\/posts"}],"about":[{"href":"https:\/\/caminandofronteras.org\/fr\/wp-json\/wp\/v2\/types\/post"}],"author":[{"embeddable":true,"href":"https:\/\/caminandofronteras.org\/fr\/wp-json\/wp\/v2\/users\/2"}],"replies":[{"embeddable":true,"href":"https:\/\/caminandofronteras.org\/fr\/wp-json\/wp\/v2\/comments?post=7175"}],"version-history":[{"count":2,"href":"https:\/\/caminandofronteras.org\/fr\/wp-json\/wp\/v2\/posts\/7175\/revisions"}],"predecessor-version":[{"id":7693,"href":"https:\/\/caminandofronteras.org\/fr\/wp-json\/wp\/v2\/posts\/7175\/revisions\/7693"}],"wp:featuredmedia":[{"embeddable":true,"href":"https:\/\/caminandofronteras.org\/fr\/wp-json\/wp\/v2\/media\/7168"}],"wp:attachment":[{"href":"https:\/\/caminandofronteras.org\/fr\/wp-json\/wp\/v2\/media?parent=7175"}],"wp:term":[{"taxonomy":"category","embeddable":true,"href":"https:\/\/caminandofronteras.org\/fr\/wp-json\/wp\/v2\/categories?post=7175"},{"taxonomy":"post_tag","embeddable":true,"href":"https:\/\/caminandofronteras.org\/fr\/wp-json\/wp\/v2\/tags?post=7175"},{"taxonomy":"rutas","embeddable":true,"href":"https:\/\/caminandofronteras.org\/fr\/wp-json\/wp\/v2\/rutas?post=7175"}],"curies":[{"name":"wp","href":"https:\/\/api.w.org\/{rel}","templated":true}]}}